{"id":100067,"date":"2020-09-27T09:24:11","date_gmt":"2020-09-27T13:24:11","guid":{"rendered":"https:\/\/linitiative.ca\/International\/%ef%bb%bfle-derby-wydad-raja-sans-vainqueur-ni-vaincu\/"},"modified":"2020-09-27T09:24:11","modified_gmt":"2020-09-27T13:24:11","slug":"%ef%bb%bfle-derby-wydad-raja-sans-vainqueur-ni-vaincu","status":"publish","type":"post","link":"https:\/\/linitiative.ca\/International\/%ef%bb%bfle-derby-wydad-raja-sans-vainqueur-ni-vaincu\/","title":{"rendered":"\ufeffLe derby Wydad\/Raja sans vainqueur ni vaincu"},"content":{"rendered":"<p class=\"has-text-color has-vivid-red-color c2\"><strong>Botola Pro D1<\/strong><\/p>\n<p class=\"has-text-color c3\"><strong>Le 128e derby entre le Wydad et le Raja de Casablanca s\u2019est sold\u00e9 sur un nul blanc (0-0), au terme d\u2019un match disput\u00e9 jeudi soir au complexe Mohammed V en mise \u00e0 jour de la 25\u00e8 journ\u00e9e de la Botola Pro D1.<\/strong><\/p>\n<p>Ce derby, qui intervient cette ann\u00e9e dans un contexte marqu\u00e9 par l\u2019\u00e9pid\u00e9mie du nouveau coronavirus, a fait couler beaucoup d\u2019encre, vu que les deux protagonistes m\u00e8nent une course en coude \u00e0 coude pour le titre.<\/p>\n<p>Dans leurs pr\u00e9c\u00e9dents face-\u00e0-face, les Rajaouis avaient sign\u00e9 36 victoires contre 30 pour les Rouge et blanc, alors que 61 confrontations se sont sold\u00e9es par un nul depuis leur premi\u00e8re rencontre qui remonte \u00e0 1957.<\/p>\n<p>Tr\u00e8s prudentes, les deux \u00e9quipes n\u2019ont pas os\u00e9 prendre des risques d\u00e8s le d\u00e9but de la rencontre, \u00e0 cause \u00e9videmment de l\u2019enjeu de ce match d\u00e9cisif pour le sacre final.<\/p>\n<p>L\u2019absence du public dans les gradins, due aux restrictions sanitaires dict\u00e9es par le coronavirus, a \u00e9t\u00e9 le fait saillant de ce match tr\u00e8s tactique dans lequel les entraineurs des deux formations ont bloqu\u00e9 toutes les issues.<\/p>\n<p>Pourtant, les Rouge et blanc \u00e9taient appel\u00e9s \u00e0 faire le jeu \u00e0 plus d\u2019une raison. En effet, ce sont eux qui recevaient leur adversaire. En plus, lors du pr\u00e9c\u00e9dent derby, les prot\u00e9g\u00e9s de Jamal Sellami se sont impos\u00e9s suite \u00e0 une remontada historique en match retour des huiti\u00e8mes de finale de la Coupe Mohammed VI des clubs. Et en fin, un autre r\u00e9sultat autre que la victoire n\u2019arrange en rien leurs affaires, mais permettrait n\u00e9anmoins aux Verts de consolider leur leadership.<\/p>\n<p>Il a fallu ainsi attendre la 15\u00e8 minute de jeu pour assister \u00e0 la premi\u00e8re perc\u00e9e dans le camp adverse, suite \u00e0 un effort individuel du wydadi Aouk qui a failli faire mouche sans l\u2019intervention du d\u00e9fenseur Abdeljalil Jbira.<\/p>\n<p>La premi\u00e8re occasion nette d\u2019ouvrir la marque a \u00e9t\u00e9 sign\u00e9e \u00e0 la 36\u00e8 minute, quand encore une fois le virevoltant Aouk a r\u00e9ussi \u00e0 servir un centre parfait et \u00e0 trouver la t\u00eate d\u2019Ayoub Al Amloud, mais Anas Zniti \u00e9tait bien en place pour sauver sa cage.<\/p>\n<p>Une minute plus tard, Omar Al Arjoune profite d\u2019un cafouillage \u00e0 l\u2019entr\u00e9e de la surface de r\u00e9paration du WAC pour armer une frappe s\u00e8che, mais Ahmed Reda Tagnaouti r\u00e9ussit \u00e0 sortir le ballon en corner.<\/p>\n<p>Au retour des vestiaires, les deux formations se sont montr\u00e9es plus d\u00e9termin\u00e9es \u00e0 ouvrir la marque, mais les attaquants des deux camps ont manqu\u00e9 d\u2019efficacit\u00e9.<\/p>\n<p>Dans le temps additionnel (90+2\u00e8), le Congolais Ben Malango a failli marquer le but de la victoire des Verts, mais sa frappe de la t\u00eate fr\u00f4le le montant droit du portier wydadi.<\/p>\n<p>Ce nul arrange parfaitement les affaires de la Renaissance de Berkane, qui a battu la veille l\u2019AS FAR (2-1). Les Berkanis pointent ainsi \u00e0 la troisi\u00e8me position (47 pts) \u00e0 une longueur du Wydad, et \u00e0 deux unit\u00e9s du Raja.<\/p>\n<p>L\u2019entra\u00eeneur adjoint du Wydad, Tarik Chihab, a d\u00e9clar\u00e9 concernant le match nul\u00a0: \u00abc\u2019\u00e9tait un match \u00e9quilibr\u00e9. Chacun a eu des chances de l\u2019emporter. Je consid\u00e8re que c\u2019est un bon point parce que \u00e7a aurait pu pencher en la faveur de l\u2019une des \u00e9quipes. La prestation des Rouges \u00e9tait satisfaisante \u00e0 70% et nous nous am\u00e9liorons de match en match. On ne peut pas tout changer d\u2019un coup\u00bb.<\/p>\n<p>De son c\u00f4t\u00e9, Jamal Sellami a \u00e9galement partag\u00e9 le m\u00eame avis de Chihab concernant la difficult\u00e9 de cette rencontre\u00a0: \u00able match \u00e9tait dur pour tout le monde. Nos joueurs \u00e9taient fatigu\u00e9s durant la premi\u00e8re mi-temps et ont donc manqu\u00e9 de rythme. En seconde mi-temps, nous avons domin\u00e9 gr\u00e2ce \u00e0 nos rempla\u00e7ants, qui ont apport\u00e9 de la fra\u00eecheur, mais nous n\u2019avons pas su marquer. Chacun sait que le derby se joue dans des conditions sp\u00e9ciales. Le nul nous rend aussi service, nous esp\u00e9rons rester au top du classement de la Botola\u00bb.<\/p>\n<p>Auteur: M&rsquo;hammed rahal<br \/>\n<a href=\"http:\/\/albayane.press.ma\/%EF%BB%BFle-derby-wydad-raja-sans-vainqueur-ni-vaincu.html\">Cliquez ici pour lire l&rsquo;article depuis sa source.<\/a><\/p>\n","protected":false},"excerpt":{"rendered":"<p>Botola Pro D1 Le 128e derby entre le Wydad et le Raja de Casablanca s\u2019est sold\u00e9 sur un nul blanc (0-0), au terme d\u2019un match disput\u00e9 jeudi soir au complexe Mohammed V en mise \u00e0 jour de la 25\u00e8 journ\u00e9e de la Botola Pro D1. Ce derby, qui intervient cette ann\u00e9e dans un contexte marqu\u00e9 [&hellip;]<\/p>\n","protected":false},"author":1760,"featured_media":0,"comment_status":"closed","ping_status":"closed","sticky":false,"template":"","format":"standard","meta":{"fifu_image_url":"","fifu_image_alt":"","footnotes":""},"categories":[73,54],"tags":[],"class_list":["post-100067","post","type-post","status-publish","format-standard","hentry","category-actualite","category-maroc"],"_links":{"self":[{"href":"https:\/\/linitiative.ca\/International\/wp-json\/wp\/v2\/posts\/100067","targetHints":{"allow":["GET"]}}],"collection":[{"href":"https:\/\/linitiative.ca\/International\/wp-json\/wp\/v2\/posts"}],"about":[{"href":"https:\/\/linitiative.ca\/International\/wp-json\/wp\/v2\/types\/post"}],"author":[{"embeddable":true,"href":"https:\/\/linitiative.ca\/International\/wp-json\/wp\/v2\/users\/1760"}],"replies":[{"embeddable":true,"href":"https:\/\/linitiative.ca\/International\/wp-json\/wp\/v2\/comments?post=100067"}],"version-history":[{"count":0,"href":"https:\/\/linitiative.ca\/International\/wp-json\/wp\/v2\/posts\/100067\/revisions"}],"wp:attachment":[{"href":"https:\/\/linitiative.ca\/International\/wp-json\/wp\/v2\/media?parent=100067"}],"wp:term":[{"taxonomy":"category","embeddable":true,"href":"https:\/\/linitiative.ca\/International\/wp-json\/wp\/v2\/categories?post=100067"},{"taxonomy":"post_tag","embeddable":true,"href":"https:\/\/linitiative.ca\/International\/wp-json\/wp\/v2\/tags?post=100067"}],"curies":[{"name":"wp","href":"https:\/\/api.w.org\/{rel}","templated":true}]}}