{"id":100069,"date":"2020-09-27T09:30:46","date_gmt":"2020-09-27T13:30:46","guid":{"rendered":"https:\/\/linitiative.ca\/International\/la-formation-et-le-travail-de-base-priorites-de-la-frmf\/"},"modified":"2020-09-27T09:30:46","modified_gmt":"2020-09-27T13:30:46","slug":"la-formation-et-le-travail-de-base-priorites-de-la-frmf","status":"publish","type":"post","link":"https:\/\/linitiative.ca\/International\/la-formation-et-le-travail-de-base-priorites-de-la-frmf\/","title":{"rendered":"La formation et le travail de base, priorit\u00e9s de la FRMF"},"content":{"rendered":"<p class=\"has-text-color c2\"><strong>Le pr\u00e9sident de la F\u00e9d\u00e9ration royale marocaine de football, Fouzi Lekjaa, a appel\u00e9 les diff\u00e9rentes composantes de la Direction technique nationale (DTN) \u00e0 redoubler d\u2019efforts en mati\u00e8re de mise en \u0153uvre du contrat-programme du d\u00e9veloppement de la pratique de la discipline au Maroc.<\/strong><\/p>\n<p>Lors d\u2019une r\u00e9union tenue samedi par M. Lekjaa et le directeur technique national, Osian Roberts, avec les cadres et responsables de la DTN, consacr\u00e9e au suivi du d\u00e9veloppement du football national, le pr\u00e9sident de la FRMF a \u00e9galement plaid\u00e9 pour le travail de base et le d\u00e9veloppement de la pratique dans les diff\u00e9rentes r\u00e9gions et provinces du Royaume \u00e0 travers l\u2019accompagnement et l\u2019encadrement des r\u00e9gions en mati\u00e8re d\u2019organisation des comp\u00e9titions, indique un communiqu\u00e9 de la F\u00e9d\u00e9ration.<\/p>\n<p>Ces comp\u00e9titions, a-t-il poursuivi, peuvent \u00eatre organis\u00e9es sur les terrains de proximit\u00e9 qui se comptent par centaine et b\u00e9n\u00e9ficier ainsi des partenariats qui lient la FRMF au minist\u00e8re de la Culture, de la Jeunesse et du Sport et au minist\u00e8re de l\u2019Education Nationale, de la Formation Professionnelle, de l\u2019Enseignement Sup\u00e9rieur et la Recherche Scientifique.<\/p>\n<p>Le pr\u00e9sident de la FRMF a soulign\u00e9 en outre que l\u2019encadrement de la DTN ne doit pas se limiter au Complexe Mohammed VI de Football mais s\u2019\u00e9tendre \u00e0 toutes les provinces et villes sans exception \u00e0 travers une politique d\u2019ouverture, indique le communiqu\u00e9, ajoutant que cette r\u00e9union a \u00e9t\u00e9 \u00e9galement l\u2019occasion d\u2019aborder les sujets li\u00e9s \u00e0 la DTN et aux s\u00e9lections nationales des jeunes.<\/p>\n<p>Ainsi, il a \u00e9t\u00e9 proc\u00e9d\u00e9 \u00e0 la pr\u00e9sentation du processus de s\u00e9lection des candidatures aux sessions de formation \u00e0 la Licence CAF -A- au titre de la saison 2020-2021, processus d\u2019\u00e9coute des r\u00e9clamations des candidats non retenus et le programme des formations pr\u00e9vus pour le mois d\u2019octobre.<\/p>\n<p>Au cours de cette r\u00e9union, l\u2019expert fran\u00e7ais David Boulanger a expos\u00e9 par visio-conf\u00e9rence un mod\u00e8le du football de masse au sein des \u00e9tablissements d\u2019enseignement scolaire \u00e0 Al Hoceima qui a pour objectif de jeter les jalons d\u2019une bonne pratique footballistique chez cette cat\u00e9gorie et \u00e9largir la base des pratiquants. Ce programme doit s\u2019\u00e9tendre aux diff\u00e9rentes r\u00e9gions du Maroc, a soulign\u00e9 M. Lekjaa.<\/p>\n<p>\u00c0 l\u2019issue de cette r\u00e9union, la DTN a d\u00e9voil\u00e9 le planning des entrainements et stages des s\u00e9lections nationales f\u00e9minines et masculines U17 et U20 ainsi que la participation aux diff\u00e9rentes \u00e9ch\u00e9ances continentales et mondiales, conclut le document.<\/p>\n<p>Auteur: M&rsquo;hammed rahal<br \/>\n<a href=\"http:\/\/albayane.press.ma\/la-formation-et-le-travail-de-base-priorites-de-la-frmf.html\">Cliquez ici pour lire l&rsquo;article depuis sa source.<\/a><\/p>\n","protected":false},"excerpt":{"rendered":"<p>Le pr\u00e9sident de la F\u00e9d\u00e9ration royale marocaine de football, Fouzi Lekjaa, a appel\u00e9 les diff\u00e9rentes composantes de la Direction technique nationale (DTN) \u00e0 redoubler d\u2019efforts en mati\u00e8re de mise en \u0153uvre du contrat-programme du d\u00e9veloppement de la pratique de la discipline au Maroc. Lors d\u2019une r\u00e9union tenue samedi par M. Lekjaa et le directeur technique [&hellip;]<\/p>\n","protected":false},"author":1760,"featured_media":0,"comment_status":"closed","ping_status":"closed","sticky":false,"template":"","format":"standard","meta":{"fifu_image_url":"","fifu_image_alt":"","footnotes":""},"categories":[73,54],"tags":[],"class_list":["post-100069","post","type-post","status-publish","format-standard","hentry","category-actualite","category-maroc"],"_links":{"self":[{"href":"https:\/\/linitiative.ca\/International\/wp-json\/wp\/v2\/posts\/100069","targetHints":{"allow":["GET"]}}],"collection":[{"href":"https:\/\/linitiative.ca\/International\/wp-json\/wp\/v2\/posts"}],"about":[{"href":"https:\/\/linitiative.ca\/International\/wp-json\/wp\/v2\/types\/post"}],"author":[{"embeddable":true,"href":"https:\/\/linitiative.ca\/International\/wp-json\/wp\/v2\/users\/1760"}],"replies":[{"embeddable":true,"href":"https:\/\/linitiative.ca\/International\/wp-json\/wp\/v2\/comments?post=100069"}],"version-history":[{"count":0,"href":"https:\/\/linitiative.ca\/International\/wp-json\/wp\/v2\/posts\/100069\/revisions"}],"wp:attachment":[{"href":"https:\/\/linitiative.ca\/International\/wp-json\/wp\/v2\/media?parent=100069"}],"wp:term":[{"taxonomy":"category","embeddable":true,"href":"https:\/\/linitiative.ca\/International\/wp-json\/wp\/v2\/categories?post=100069"},{"taxonomy":"post_tag","embeddable":true,"href":"https:\/\/linitiative.ca\/International\/wp-json\/wp\/v2\/tags?post=100069"}],"curies":[{"name":"wp","href":"https:\/\/api.w.org\/{rel}","templated":true}]}}