{"id":100070,"date":"2020-09-27T09:58:35","date_gmt":"2020-09-27T13:58:35","guid":{"rendered":"https:\/\/linitiative.ca\/International\/%ef%bb%bfde-precieuses-decouvertes-archeologiques-datant-dau-moins-du-2e-siecle-avant-j-c\/"},"modified":"2020-09-27T09:58:35","modified_gmt":"2020-09-27T13:58:35","slug":"%ef%bb%bfde-precieuses-decouvertes-archeologiques-datant-dau-moins-du-2e-siecle-avant-j-c","status":"publish","type":"post","link":"https:\/\/linitiative.ca\/International\/%ef%bb%bfde-precieuses-decouvertes-archeologiques-datant-dau-moins-du-2e-siecle-avant-j-c\/","title":{"rendered":"\ufeffDe pr\u00e9cieuses d\u00e9couvertes arch\u00e9ologiques datant d\u2019au moins du 2\u00e8 si\u00e8cle avant J.C"},"content":{"rendered":"<p class=\"has-text-color has-vivid-red-color c2\"><strong>Entre Sidi Bouzid et Cap Beddouza<\/strong><\/p>\n<p class=\"has-text-color c3\"><strong>Des fouilles arch\u00e9ologiques effectu\u00e9es r\u00e9cemment par l\u2019Association Marocaine pour la Recherche et la Protection Arch\u00e9ologique sous-marine ont men\u00e9 \u00e0 des d\u00e9couvertes pr\u00e9cieuses tout au long du littoral au nord de Safi entre Sidi Bouzid et Cap Beddouza sur pr\u00e8s de 30 km.<\/strong><\/p>\n<p>Selon Redouane Bourga, membre fondateur et vice-pr\u00e9sident de ladite association, ces d\u00e9couvertes arch\u00e9ologiques pourraient remonter au 2\u00e8 si\u00e8cle avant J.C. et m\u00eame \u00e0 l\u2019\u00e2ge de bronze (2000 ans, de 2700 \u00e0 900 av. J.-C.).<\/p>\n<p>Ces d\u00e9couvertes pr\u00e9cieuses sont de nature \u00e0 \u00e9lucider certaines questions se rapportant \u00e0 Tighaline, la cit\u00e9 engloutie sous la mer, ses fronti\u00e8res et le mode de vie adopt\u00e9 par ses habitants, a-t-il expliqu\u00e9 dans une d\u00e9claration \u00e0 la MAP, estimant que ces d\u00e9couvertes arch\u00e9ologiques pourraient \u00eatre les vestiges de cette ville engloutie sous l\u2019Oc\u00e9an Atlantique.<\/p>\n<p>M. Bougra, \u00e9galement instructeur de plong\u00e9e sous-marine et moniteur f\u00e9d\u00e9ral de 1er degr\u00e9, a fait remarquer que le littoral de Safi est riche d\u2019un patrimoine arch\u00e9ologique si vari\u00e9 et des tr\u00e9sors arch\u00e9ologiques subaquatiques en qu\u00eate de valorisation, relevant que l\u2019association compte mener d\u2019autres exp\u00e9ditions scientifiques dans cette r\u00e9gion tr\u00e8s \u00e9tendue pour y r\u00e9v\u00e9ler d\u2019autres vestiges arch\u00e9ologiques de nature \u00e0 \u00e9lucider la question de cette cit\u00e9 engloutie par la mer.<\/p>\n<p>L\u2019Association Marocaine pour la Recherche et la Protection Arch\u00e9ologique sous-marine\u201d a vu le jour en 2013 par des Safiots passionn\u00e9s de la plonge sous-marine notamment ceux, qui portent cette \u201cforte d\u00e9termination\u201d \u00e0 agir pour la protection des richesses arch\u00e9ologiques de son littoral.<\/p>\n<p>Cette association se fixe pour mission aussi de valoriser ce patrimoine par l\u2019exploration, la d\u00e9couverte mais \u00e9galement par son inventaire.<\/p>\n<p>Les actions et l\u2019engagement sans faille de cette association en faveur d\u2019un tourisme \u00e9cologique et responsable ont \u00e9t\u00e9 couronn\u00e9s en 2019 par l\u2019obtention de l\u2019un des prix d\u00e9cern\u00e9s lors de la 3\u00e8me \u00e9dition des \u201cTroph\u00e9es Lalla Hasnaa Littoral durable\u201d, qui r\u00e9compense les meilleures initiatives en faveur du littoral.<\/p>\n<p>L\u2019association qui ambitionne, en outre, d\u2019attirer l\u2019attention sur l\u2019imp\u00e9ratif de sauver les tr\u00e9sors sous-marins, compte \u00e0 son actif plusieurs d\u00e9couvertes si pr\u00e9cieuses et d\u2019une grande port\u00e9e scientifique qui seront inscrites en lettres d\u2019or dans le patrimoine arch\u00e9ologique sous-marin au Maroc.<\/p>\n<p>Il s\u2019agit notamment de la d\u00e9couverte d\u2019une \u00e9pave d\u2019un navire militaire au large de Safi, celui du bateau \u00e0 vapeur anglais \u201cBaynyassa SS\u201d, qui aurait \u00e9chou\u00e9, en \u00e9t\u00e9 1918, au large de la plage de Sidi Toual (15 km au sud d\u2019Agadir), la d\u00e9couverte des canons de la Sekkala de Safi, la d\u00e9couverte du lieu o\u00f9, avait \u00e9chou\u00e9 le navire \u201cNicolas Paquet\u201d au Cap Spartel au large de Tanger.<\/p>\n<p>L\u2019association a aussi d\u00e9couvert des grottes pr\u00e9historiques ainsi que des ossements humains fossilis\u00e9s de Ain El Moucha dans la zone de Cap Beddouza (30 km de Safi) et les vestiges d\u2019un navire de guerre vieux de plus de quatre si\u00e8cles.<\/p>\n<p>Auteur: M&rsquo;hammed rahal<br \/>\n<a href=\"http:\/\/albayane.press.ma\/%EF%BB%BFde-precieuses-decouvertes-archeologiques-datant-dau-moins-du-2e-siecle-avant-j-c.html\">Cliquez ici pour lire l&rsquo;article depuis sa source.<\/a><\/p>\n","protected":false},"excerpt":{"rendered":"<p>Entre Sidi Bouzid et Cap Beddouza Des fouilles arch\u00e9ologiques effectu\u00e9es r\u00e9cemment par l\u2019Association Marocaine pour la Recherche et la Protection Arch\u00e9ologique sous-marine ont men\u00e9 \u00e0 des d\u00e9couvertes pr\u00e9cieuses tout au long du littoral au nord de Safi entre Sidi Bouzid et Cap Beddouza sur pr\u00e8s de 30 km. Selon Redouane Bourga, membre fondateur et vice-pr\u00e9sident [&hellip;]<\/p>\n","protected":false},"author":1760,"featured_media":0,"comment_status":"closed","ping_status":"closed","sticky":false,"template":"","format":"standard","meta":{"fifu_image_url":"","fifu_image_alt":"","footnotes":""},"categories":[73,54],"tags":[],"class_list":["post-100070","post","type-post","status-publish","format-standard","hentry","category-actualite","category-maroc"],"_links":{"self":[{"href":"https:\/\/linitiative.ca\/International\/wp-json\/wp\/v2\/posts\/100070","targetHints":{"allow":["GET"]}}],"collection":[{"href":"https:\/\/linitiative.ca\/International\/wp-json\/wp\/v2\/posts"}],"about":[{"href":"https:\/\/linitiative.ca\/International\/wp-json\/wp\/v2\/types\/post"}],"author":[{"embeddable":true,"href":"https:\/\/linitiative.ca\/International\/wp-json\/wp\/v2\/users\/1760"}],"replies":[{"embeddable":true,"href":"https:\/\/linitiative.ca\/International\/wp-json\/wp\/v2\/comments?post=100070"}],"version-history":[{"count":0,"href":"https:\/\/linitiative.ca\/International\/wp-json\/wp\/v2\/posts\/100070\/revisions"}],"wp:attachment":[{"href":"https:\/\/linitiative.ca\/International\/wp-json\/wp\/v2\/media?parent=100070"}],"wp:term":[{"taxonomy":"category","embeddable":true,"href":"https:\/\/linitiative.ca\/International\/wp-json\/wp\/v2\/categories?post=100070"},{"taxonomy":"post_tag","embeddable":true,"href":"https:\/\/linitiative.ca\/International\/wp-json\/wp\/v2\/tags?post=100070"}],"curies":[{"name":"wp","href":"https:\/\/api.w.org\/{rel}","templated":true}]}}