{"id":100072,"date":"2020-09-27T13:04:24","date_gmt":"2020-09-27T17:04:24","guid":{"rendered":"https:\/\/linitiative.ca\/International\/lancement-de-la-manifestation-la-rentree-culturelle\/"},"modified":"2020-09-27T13:04:24","modified_gmt":"2020-09-27T17:04:24","slug":"lancement-de-la-manifestation-la-rentree-culturelle","status":"publish","type":"post","link":"https:\/\/linitiative.ca\/International\/lancement-de-la-manifestation-la-rentree-culturelle\/","title":{"rendered":"Lancement de la manifestation \u00ab\u00a0La rentr\u00e9e culturelle\u00a0\u00bb"},"content":{"rendered":"<div readability=\"37\">\n<p><strong>ALGER &#8211; La manifestation \u00ab\u00a0La rentr\u00e9e culturelle\u00a0\u00bb r\u00e9unissant le th\u00e9\u00e2tre, les arts plastiques, la musique, la danse et le conte en plus de rencontres litt\u00e9raires a \u00e9t\u00e9 lanc\u00e9e officiellement samedi soir \u00e0 Alger par la ministre de la culture et des Arts Malika Bendouda.<\/strong><\/p>\n<\/div>\n<div readability=\"100.07177186799\">\n<p>Accompagn\u00e9e du ministre de l\u2019Industrie Ferhat Ait Ali Braham et de responsables de plusieurs institutions publiques, la ministre de la Culture et des Arts a inaugur\u00e9 cette manifestation au palais de la culture Moufdi-Zakaria sous le th\u00e8me \u00ab\u00a0Notre culture est dans notre diversit\u00e9 et notre unit\u00e9\u00a0\u00bb.<\/p>\n<p>La galerie Baya du palais de la culture propose une exposition collective regroupant les \u0153uvres de nombreux plasticiens alg\u00e9riens dont les toiles de Abdelkrim Kermiche, inspir\u00e9es du courant orientaliste, des travaux contemporains de la jeune Asma Noui collant des moulages sur ses toiles, ou encore un hommage au personnel soignant sign\u00e9 Abdelhalim Kemmich.<\/p>\n<p>Cette exposition intitul\u00e9e \u00ab\u00a0Bouff\u00e9e d\u2019art\u00a0\u00bb, et coordonn\u00e9e par Amel Mihoub, propose \u00e9galement des \u0153uvres de Souhila Belbahar, de Roshedi Bessaih, de Moussa Bourdine, des miniatures de Djazia Cherrih ou encore des sculptures de Djanet Dahel et Abdelwahab Selka.<\/p>\n<p>Une exposition de d\u00e9cors et costumes de th\u00e9\u00e2tre organis\u00e9e par le Th\u00e9\u00e2tre national alg\u00e9rien Mahieddine-Bachtarzi et les diff\u00e9rents th\u00e9\u00e2tres r\u00e9gionaux est \u00e9galement ouverte au public dans le respect des mesures de pr\u00e9vention contre la propagation du coronavirus.<\/p>\n<p>Un stand a \u00e9t\u00e9 \u00e9galement d\u00e9di\u00e9 \u00e0 l\u2019exposition des \u0153uvres de l\u2019\u00e9crivain Mohamed Dib \u00e0 l\u2019occasion du centenaire de sa naissance.<\/p>\n<p>Lors de cette inauguration, le th\u00e9\u00e2tre r\u00e9gional de Constantine a pr\u00e9sent\u00e9 un extrait du spectacle de th\u00e9\u00e2tre de rue \u00ab\u00a0Boughendja et Anzar\u00a0\u00bb.<\/p>\n<hr\/>\n<p><strong>Lire aussi: <a href=\"http:\/\/www.aps.dz\/culture\/110127-la-rentree-culturelle-doit-etre-celebree-chaque-annee\">La rentr\u00e9e culturelle doit \u00eatre c\u00e9l\u00e9br\u00e9e chaque ann\u00e9e<\/a><\/strong><\/p>\n<hr\/>\n<p>L\u2019institut national sup\u00e9rieur de musique a \u00e9galement pr\u00e9sent\u00e9 le travail de son orchestre en reprenant des extraits de classiques universels et des morceaux du patrimoine musical alg\u00e9rien r\u00e9arrang\u00e9s pour un orchestre classique et une chorale polyphonique.<\/p>\n<p>Lors de son allocution, la ministre de la Culture et des Arts a rendu hommage \u00e0 l\u2019\u00e9crivain Mohammed Dib et a salu\u00e9 la m\u00e9moire du ma\u00eetre de la musique malouf Hamdi Bennani et de l\u2019historien et universitaire Abdelmadjid Merdaci, disparus r\u00e9cemment.<\/p>\n<p>Le programme de la \u00ab\u00a0rentr\u00e9e culturelle\u00a0\u00bb se poursuivra jusqu&rsquo;au 7 octobre avec des festivit\u00e9s et des conf\u00e9rences, notamment sur \u00ab\u00a0les r\u00e9alisations du th\u00e9\u00e2tre alg\u00e9rien depuis 58 ans \u00ab\u00a0.<\/p>\n<p>La villa Dar Abdelatif abritera une exposition de l&rsquo;artiste Mohamed Mebarki, intitul\u00e9e \u00ab\u00a0L&rsquo;amour divin\u00a0\u00bb, qui compte des tableaux r\u00e9alis\u00e9s durant la p\u00e9riode de confinement ainsi qu&rsquo;une exposition de photographies.<\/p>\n<p>Des activit\u00e9s seront organis\u00e9es \u00e0 la biblioth\u00e8que nationale, notamment une conf\u00e9rence sur le grand \u00e9crivain Mohamed Dib ainsi qu&rsquo;une conf\u00e9rence sous le th\u00e8me \u00ab\u00a0Pour la philosophie de la culture\u00a0\u00bb, anim\u00e9e par la ministre de la Culture et des Arts.<\/p>\n<p>Entre autres activit\u00e9s programm\u00e9es \u00e0 la biblioth\u00e8que nationale, une rencontre nationale du R\u00e9seau des conteurs et une rencontre avec de jeunes \u00e9crivains, outre la premi\u00e8re rencontre du r\u00e9seau des clubs et caf\u00e9s litt\u00e9raires.<\/p>\n<p>Avec la contribution des directions et des maisons de culture, une rentr\u00e9e culturelle locale dans chaque wilaya sera \u00e9galement organis\u00e9e.<\/p>\n<\/div>\n<p>Auteur:<br \/>\n<a href=\"http:\/\/www.aps.dz\/culture\/110188-lancement-de-la-manifestation-la-rentree-culturelle\">Cliquez ici pour lire l&rsquo;article depuis sa source.<\/a><\/p>\n","protected":false},"excerpt":{"rendered":"<p>ALGER &#8211; La manifestation \u00ab\u00a0La rentr\u00e9e culturelle\u00a0\u00bb r\u00e9unissant le th\u00e9\u00e2tre, les arts plastiques, la musique, la danse et le conte en plus de rencontres litt\u00e9raires a \u00e9t\u00e9 lanc\u00e9e officiellement samedi soir \u00e0 Alger par la ministre de la culture et des Arts Malika Bendouda. Accompagn\u00e9e du ministre de l\u2019Industrie Ferhat Ait Ali Braham et de [&hellip;]<\/p>\n","protected":false},"author":1790,"featured_media":0,"comment_status":"closed","ping_status":"closed","sticky":false,"template":"","format":"standard","meta":{"fifu_image_url":"","fifu_image_alt":"","footnotes":""},"categories":[53,79],"tags":[],"class_list":["post-100072","post","type-post","status-publish","format-standard","hentry","category-algerie","category-culture"],"_links":{"self":[{"href":"https:\/\/linitiative.ca\/International\/wp-json\/wp\/v2\/posts\/100072","targetHints":{"allow":["GET"]}}],"collection":[{"href":"https:\/\/linitiative.ca\/International\/wp-json\/wp\/v2\/posts"}],"about":[{"href":"https:\/\/linitiative.ca\/International\/wp-json\/wp\/v2\/types\/post"}],"author":[{"embeddable":true,"href":"https:\/\/linitiative.ca\/International\/wp-json\/wp\/v2\/users\/1790"}],"replies":[{"embeddable":true,"href":"https:\/\/linitiative.ca\/International\/wp-json\/wp\/v2\/comments?post=100072"}],"version-history":[{"count":0,"href":"https:\/\/linitiative.ca\/International\/wp-json\/wp\/v2\/posts\/100072\/revisions"}],"wp:attachment":[{"href":"https:\/\/linitiative.ca\/International\/wp-json\/wp\/v2\/media?parent=100072"}],"wp:term":[{"taxonomy":"category","embeddable":true,"href":"https:\/\/linitiative.ca\/International\/wp-json\/wp\/v2\/categories?post=100072"},{"taxonomy":"post_tag","embeddable":true,"href":"https:\/\/linitiative.ca\/International\/wp-json\/wp\/v2\/tags?post=100072"}],"curies":[{"name":"wp","href":"https:\/\/api.w.org\/{rel}","templated":true}]}}