{"id":100079,"date":"2020-09-27T07:12:00","date_gmt":"2020-09-27T11:12:00","guid":{"rendered":"https:\/\/linitiative.ca\/International\/narsa-les-usagers-appeles-a-prendre-de-nouveaux-rendez-vous\/"},"modified":"2020-09-27T07:12:00","modified_gmt":"2020-09-27T11:12:00","slug":"narsa-les-usagers-appeles-a-prendre-de-nouveaux-rendez-vous","status":"publish","type":"post","link":"https:\/\/linitiative.ca\/International\/narsa-les-usagers-appeles-a-prendre-de-nouveaux-rendez-vous\/","title":{"rendered":"NARSA: Les usagers appel\u00e9s \u00e0 prendre de nouveaux rendez-vous"},"content":{"rendered":"<div class=\"single-featured\"><img alt=\"\" data-src=\"http:\/\/www.mapmarrakech.ma\/map\/uploads\/2020\/09\/narsa.jpg\"\/><\/div>\n<div class=\"single-post-excerpt post-excerpt-bc\" readability=\"37\">\n<p>Marrakech \u2013 L\u2019Agence nationale pour la s\u00e9curit\u00e9 routi\u00e8re (NARSA) a annonc\u00e9, dimanche, que tous les rendez-vous fix\u00e9s pr\u00e9c\u00e9demment au centre d\u2019immatriculation de Marrakech ont \u00e9t\u00e9 annul\u00e9s, invitant les usagers \u00e0 prendre de nouveaux rendez-vous \u00e0 partir de mardi prochain.<\/p>\n<\/div>\n<div class=\"entry-content clearfix single-post-content\" readability=\"54\">\n<p>Cette d\u00e9cision, qui intervient suite \u00e0 la suspension du travail au niveau du centre d\u2019immatriculation de Marrakech, depuis le 24 septembre, pour pr\u00e9server la sant\u00e9 et la s\u00e9curit\u00e9 des citoyens et des employ\u00e9s, a pour but de g\u00e9rer la prochaine \u00e9tape dans les meilleures conditions, a indiqu\u00e9 NARSA dans un communiqu\u00e9.<\/p>\n<p>L\u2019agence invite, ainsi, les usagers \u00e0 prendre de nouveaux rendez-vous \u00e0 distance via le portail \u00e9lectronique \u00ab\u00a0NARSA KHADAMAT\u00a0\u00bb, \u00e0 partir de mardi prochain.<\/p>\n<p>Cette nouvelle proc\u00e9dure s\u2019inscrit, ajoute la m\u00eame source, dans le cadre du renforcement des mesures pr\u00e9ventives visant \u00e0 faire face \u00e0 la propagation du nouveau Coronavirus (Covid-19) prises par les autorit\u00e9s locales, tout en assurant la continuit\u00e9 de ce service public et la prestation de services de qualit\u00e9 au profit de ses usagers.<\/p>\n<\/div>\n<p>Auteur: Meriem IGASS<br \/>\n<a href=\"http:\/\/www.mapmarrakech.ma\/fr\/narsa-les-usagers-appeles-a-prendre-de-nouveaux-rendez-vous\/\">Cliquez ici pour lire l&rsquo;article depuis sa source.<\/a><\/p>\n","protected":false},"excerpt":{"rendered":"<p>Marrakech \u2013 L\u2019Agence nationale pour la s\u00e9curit\u00e9 routi\u00e8re (NARSA) a annonc\u00e9, dimanche, que tous les rendez-vous fix\u00e9s pr\u00e9c\u00e9demment au centre d\u2019immatriculation de Marrakech ont \u00e9t\u00e9 annul\u00e9s, invitant les usagers \u00e0 prendre de nouveaux rendez-vous \u00e0 partir de mardi prochain. Cette d\u00e9cision, qui intervient suite \u00e0 la suspension du travail au niveau du centre d\u2019immatriculation de [&hellip;]<\/p>\n","protected":false},"author":1788,"featured_media":100080,"comment_status":"closed","ping_status":"closed","sticky":false,"template":"","format":"standard","meta":{"fifu_image_url":"","fifu_image_alt":"","footnotes":""},"categories":[54,76],"tags":[],"class_list":["post-100079","post","type-post","status-publish","format-standard","has-post-thumbnail","hentry","category-maroc","category-regions"],"_links":{"self":[{"href":"https:\/\/linitiative.ca\/International\/wp-json\/wp\/v2\/posts\/100079","targetHints":{"allow":["GET"]}}],"collection":[{"href":"https:\/\/linitiative.ca\/International\/wp-json\/wp\/v2\/posts"}],"about":[{"href":"https:\/\/linitiative.ca\/International\/wp-json\/wp\/v2\/types\/post"}],"author":[{"embeddable":true,"href":"https:\/\/linitiative.ca\/International\/wp-json\/wp\/v2\/users\/1788"}],"replies":[{"embeddable":true,"href":"https:\/\/linitiative.ca\/International\/wp-json\/wp\/v2\/comments?post=100079"}],"version-history":[{"count":0,"href":"https:\/\/linitiative.ca\/International\/wp-json\/wp\/v2\/posts\/100079\/revisions"}],"wp:featuredmedia":[{"embeddable":true,"href":"https:\/\/linitiative.ca\/International\/wp-json\/"}],"wp:attachment":[{"href":"https:\/\/linitiative.ca\/International\/wp-json\/wp\/v2\/media?parent=100079"}],"wp:term":[{"taxonomy":"category","embeddable":true,"href":"https:\/\/linitiative.ca\/International\/wp-json\/wp\/v2\/categories?post=100079"},{"taxonomy":"post_tag","embeddable":true,"href":"https:\/\/linitiative.ca\/International\/wp-json\/wp\/v2\/tags?post=100079"}],"curies":[{"name":"wp","href":"https:\/\/api.w.org\/{rel}","templated":true}]}}