{"id":100081,"date":"2020-09-27T13:30:19","date_gmt":"2020-09-27T17:30:19","guid":{"rendered":"https:\/\/linitiative.ca\/International\/journee-de-sensibilisation-sur-la-necessite-de-la-mobilite-douce\/"},"modified":"2020-09-27T13:30:19","modified_gmt":"2020-09-27T17:30:19","slug":"journee-de-sensibilisation-sur-la-necessite-de-la-mobilite-douce","status":"publish","type":"post","link":"https:\/\/linitiative.ca\/International\/journee-de-sensibilisation-sur-la-necessite-de-la-mobilite-douce\/","title":{"rendered":"Journ\u00e9e de sensibilisation sur la n\u00e9cessit\u00e9 de la \u00ab\u00a0mobilit\u00e9 douce\u00a0\u00bb"},"content":{"rendered":"<div readability=\"38\">\n<p>Essaouira \u2013 Une journ\u00e9e d\u2019\u00e9tude et de sensibilisation sur la n\u00e9cessit\u00e9 de la \u00ab\u00a0mobilit\u00e9 douce\u00a0\u00bb \u00e0 Essaouira a \u00e9t\u00e9 organis\u00e9e, r\u00e9cemment dans la cit\u00e9 des Aliz\u00e9s, par le Centre International de Recherche et de Renforcement des Capacit\u00e9s (CI2RC), relevant de l\u2019Ecole Sup\u00e9rieure de Technologie (EST) de la ville.<\/p>\n<\/div>\n<div readability=\"115\">\n<p>Initi\u00e9e en partenariat avec la Fondation allemande Friedrich Naumann pour la libert\u00e9 et la Commune d\u2019Essaouira, cette rencontre, qui s\u2019est d\u00e9roul\u00e9e dans le respect strict des mesures pr\u00e9ventives et sanitaires d\u00e9cr\u00e9t\u00e9es par les autorit\u00e9s comp\u00e9tentes en vue de lutter contre la propagation de la pand\u00e9mie du nouveau coronavirus (Covid-19), se voulait un espace de d\u00e9bats entre les diff\u00e9rentes parties prenantes de la ville, concern\u00e9es par la probl\u00e9matique de la mobilit\u00e9.<\/p>\n<p>Elle visait aussi \u00e0 cr\u00e9er une plateforme de discussions et d\u2019\u00e9change entre les participants sur les conclusions d\u2019une \u00e9tude, r\u00e9alis\u00e9e par les initiateurs de cette journ\u00e9e d\u2019\u00e9tude et de sensibilisation, sur les besoins de mobilit\u00e9 \u00e0 Essaouira, un projet conduit pendant 6 mois et qui a donn\u00e9 fruit \u00e0 un ouvrage d\u00e9di\u00e9 \u00e0 cette question.<\/p>\n<p>Intervenant \u00e0 l\u2019ouverture de cette rencontre, la pr\u00e9sidente du CI2RC, Pr. Kholoud Kahime, a pr\u00e9sent\u00e9 un aper\u00e7u sur le Centre et sa vision \u00e0 propos du besoin de la transition d\u2019Essaouira vers une ville \u00e9cologique adoptant les modes de la mobilit\u00e9 douce.<\/p>\n<p>Dans ce cadre, Mme Kahime a soulign\u00e9 l\u2019importance de la mobilisation et de l\u2019engagement de tous les acteurs, estimant que tout le monde est concern\u00e9, aussi bien les pouvoirs publics que les entreprises et les citoyens pour relever ce d\u00e9fi et ce, en proposant, voire en offrant une gamme de solutions de mobilit\u00e9 \u00e0 disposition, adapt\u00e9es au territoire souiri.<\/p>\n<p>Par la suite, Mme Kahime et M. Mustapha Zahir, professeur \u00e0 l\u2019Ecole Sup\u00e9rieure de Technologie d\u2019Essaouira et vice-pr\u00e9sident du CI2RC, ont pass\u00e9 en revue les r\u00e9sultats de \u00ab\u00a0l\u2019Etude des besoins en mobilit\u00e9 \u00e0 Essaouira : Vers une perspective de durabilit\u00e9\u00a0\u00bb, qui a \u00e9t\u00e9 men\u00e9e par les chercheurs du Centre avec l\u2019appui de la Fondation Friedrich Naumann, de la Province et de la Commune d\u2019Essaouira.<\/p>\n<p>Cette pr\u00e9sentation a \u00e9t\u00e9 la base pour engager une discussion fructueuse entre les participants au d\u00e9bat sur la mobilit\u00e9 \u00e0 Essaouira, qui ont \u00e9t\u00e9 unanimes \u00e0 souligner l\u2019importance et l\u2019int\u00e9r\u00eat d\u2019une telle recherche innovatrice dont la ville avait besoin.<\/p>\n<p>Ils ont, d\u2019ailleurs, manifest\u00e9 leur int\u00e9r\u00eat pour d\u2019autres projets d\u2019\u00e9tude qui auront sans cesse un impact majeur sur les politiques sectorielles dans la cit\u00e9 des Aliz\u00e9s.<\/p>\n<p>Les intervenants ont, en outre, \u00e9mis plusieurs remarques et observations \u00e0 cette occasion, \u00e0 travers lesquelles ils ont notamment d\u00e9plor\u00e9 la non prise de conscience par la population de la gravit\u00e9 des probl\u00e8mes de l\u2019environnement, tout en mettant l\u2019accent sur le r\u00f4le pr\u00e9pond\u00e9rant des associations, surtout en termes de conscientisation et de sensibilisation des habitants aux probl\u00e8mes \u00e9cologiques.<\/p>\n<p>Ils ont, dans ce sillage, fait remarquer que la sensibilisation doit commencer par les \u00e9l\u00e8ves dans les \u00e9tablissements scolaires, mettant en relief la n\u00e9cessit\u00e9, voire l\u2019imp\u00e9ratif d\u2019une forte implication citoyenne.<\/p>\n<p>Relevant le probl\u00e8me de parking, qui se pose avec acuit\u00e9 pendant l\u2019\u00e9t\u00e9 et les vacances, ils ont insist\u00e9 sur l\u2019importance de mener des actions de sensibilisation afin d\u2019encourager l\u2019utilisation des v\u00e9los.<\/p>\n<p>Dans ce cadre, ils ont plaid\u00e9 pour la cr\u00e9ation de \u00ab\u00a0plans v\u00e9lo\u00a0\u00bb afin de faire de ce moyen un mode de transport unique et la construction de pistes cyclables, ainsi que pour l\u2019organisation d\u2019une \u00ab\u00a0Journ\u00e9e Essaouira-v\u00e9lo\u00a0\u00bb et la mise sur pied d\u2019un projet \u00ab\u00a0Abonnement v\u00e9los\u00a0\u00bb.<\/p>\n<\/div>\n<p>Auteur: Meriem IGASS<br \/>\n<a href=\"http:\/\/www.mapmarrakech.ma\/fr\/journee-de-sensibilisation-sur-la-necessite-de-la-mobilite-douce\/\">Cliquez ici pour lire l&rsquo;article depuis sa source.<\/a><\/p>\n","protected":false},"excerpt":{"rendered":"<p>Essaouira \u2013 Une journ\u00e9e d\u2019\u00e9tude et de sensibilisation sur la n\u00e9cessit\u00e9 de la \u00ab\u00a0mobilit\u00e9 douce\u00a0\u00bb \u00e0 Essaouira a \u00e9t\u00e9 organis\u00e9e, r\u00e9cemment dans la cit\u00e9 des Aliz\u00e9s, par le Centre International de Recherche et de Renforcement des Capacit\u00e9s (CI2RC), relevant de l\u2019Ecole Sup\u00e9rieure de Technologie (EST) de la ville. Initi\u00e9e en partenariat avec la Fondation allemande [&hellip;]<\/p>\n","protected":false},"author":1788,"featured_media":0,"comment_status":"closed","ping_status":"closed","sticky":false,"template":"","format":"standard","meta":{"fifu_image_url":"","fifu_image_alt":"","footnotes":""},"categories":[54,76],"tags":[],"class_list":["post-100081","post","type-post","status-publish","format-standard","hentry","category-maroc","category-regions"],"_links":{"self":[{"href":"https:\/\/linitiative.ca\/International\/wp-json\/wp\/v2\/posts\/100081","targetHints":{"allow":["GET"]}}],"collection":[{"href":"https:\/\/linitiative.ca\/International\/wp-json\/wp\/v2\/posts"}],"about":[{"href":"https:\/\/linitiative.ca\/International\/wp-json\/wp\/v2\/types\/post"}],"author":[{"embeddable":true,"href":"https:\/\/linitiative.ca\/International\/wp-json\/wp\/v2\/users\/1788"}],"replies":[{"embeddable":true,"href":"https:\/\/linitiative.ca\/International\/wp-json\/wp\/v2\/comments?post=100081"}],"version-history":[{"count":0,"href":"https:\/\/linitiative.ca\/International\/wp-json\/wp\/v2\/posts\/100081\/revisions"}],"wp:attachment":[{"href":"https:\/\/linitiative.ca\/International\/wp-json\/wp\/v2\/media?parent=100081"}],"wp:term":[{"taxonomy":"category","embeddable":true,"href":"https:\/\/linitiative.ca\/International\/wp-json\/wp\/v2\/categories?post=100081"},{"taxonomy":"post_tag","embeddable":true,"href":"https:\/\/linitiative.ca\/International\/wp-json\/wp\/v2\/tags?post=100081"}],"curies":[{"name":"wp","href":"https:\/\/api.w.org\/{rel}","templated":true}]}}