{"id":100082,"date":"2020-09-27T14:03:14","date_gmt":"2020-09-27T18:03:14","guid":{"rendered":"https:\/\/linitiative.ca\/International\/le-crt-lance-une-grande-campagne-de-promotion-digitale\/"},"modified":"2020-09-27T14:03:14","modified_gmt":"2020-09-27T18:03:14","slug":"le-crt-lance-une-grande-campagne-de-promotion-digitale","status":"publish","type":"post","link":"https:\/\/linitiative.ca\/International\/le-crt-lance-une-grande-campagne-de-promotion-digitale\/","title":{"rendered":"Le CRT lance une grande campagne de promotion digitale"},"content":{"rendered":"<div readability=\"36\">\n<p>Marrakech \u2013 Le Conseil R\u00e9gional du Tourisme (CRT) de Marrakech-Safi s\u2019appr\u00eate, sous l\u2019impulsion de l\u2019Office National du Tourisme (ONMT), \u00e0 lancer une grande campagne de promotion digitale pour la relance du secteur touristique dans la r\u00e9gion.<\/p>\n<\/div>\n<div readability=\"138\">\n<p>Cette campagne a pour objectif de \u00ab dynamiser le tourisme de la r\u00e9gion mais aussi d\u2019envoyer un signal positif pour le tourisme international, en mettant les projecteurs sur cette r\u00e9gion, premi\u00e8re destination touristique du Royaume \u00bb, pr\u00e9cise le CRT dans un communiqu\u00e9.<\/p>\n<p>D\u2019ailleurs, ajoute la m\u00eame source, les acteurs du tourisme de la r\u00e9gion de Marrakech, Essaouira, Safi et la province d\u2019Al Haouz (Ourika, Ouirgane, Imlil, Toubkal\u2026) \u00ab n\u2019ont qu\u2019une h\u00e2te : accueillir les visiteurs nationaux et internationaux et leur faire d\u00e9couvrir de nouvelles exp\u00e9riences \u00bb.<\/p>\n<p>Pour ce faire, ils proposent des offres attractives allant jusqu\u2019\u00e0 50% et mettent en avant le fait que les protocoles sanitaires mis en place par le minist\u00e8re du Tourisme et les autorit\u00e9s locales sont scrupuleusement respect\u00e9s.<\/p>\n<p>Pour appuyer cette strat\u00e9gie, une grande campagne de promotion va donc \u00eatre lanc\u00e9e par le CRT de Marrakech-Safi, en partenariat avec l\u2019ONMT, indique la m\u00eame source.<\/p>\n<p>S\u2019inspirant des conversations t\u00e9l\u00e9phoniques entre amis ou entre les membres d\u2019une famille, le message se veut direct, clair et efficace, fait remarquer le CRT.<\/p>\n<p>Et de poursuivre que cette campagne, qui est dans l\u2019air du temps, constitue aussi une invitation au voyage : \u00ab\u00a0Je suis \u00e0 Marrakech, tu viens ?\u00a0\u00bb, \u00ab\u00a0Je suis \u00e0 Essaouira, tu viens ?\u00a0\u00bb, \u00ab\u00a0Je suis \u00e0 Safi, tu viens ?\u00a0\u00bb, \u00ab\u00a0Je suis \u00e0 Al Haouz, tu viens ?\u00a0\u00bb.<\/p>\n<p>Au del\u00e0 des destinations matures connues \u00e0 l\u2019international, des \u00ab\u00a0perles\u00a0\u00bb \u00e9mergentes seront mises en lumi\u00e8re, \u00e0 l\u2019instar de \u00ab\u00a0Je suis \u00e0 Agafay, tu viens ?\u00a0\u00bb, \u00ab\u00a0Je suis \u00e0 Lalla Fatna, tu viens ?\u00a0\u00bb, \u00ab\u00a0Je suis \u00e0 Sidi Kaouki, tu viens ?\u00a0\u00bb, \u00ab\u00a0Je suis \u00e0 Youssoufia, tu viens ?\u00a0\u00bb, \u00ab\u00a0Je suis \u00e0 Ouirgane, tu viens ?\u00a0\u00bb, \u00ab\u00a0Je suis \u00e0 El Kel\u00e2a des Sraghna, tu viens ?\u00a0\u00bb, \u00ab\u00a0Je suis \u00e0 Chichaoua, tu viens ?\u00a0\u00bb, \u00ab\u00a0Je suis \u00e0 Rehamna, tu viens ?\u00a0\u00bb, explique le communiqu\u00e9.<\/p>\n<p>S\u2019\u00e9tendant de fin septembre \u00e0 fin d\u00e9cembre 2020, cette campagne se d\u00e9ploiera principalement sur le digital et s\u2019appuiera sur la vid\u00e9o pour attirer, convaincre et inciter les voyageurs nationaux et internationaux \u00e0 venir (re)d\u00e9couvrir cette r\u00e9gion dans toute sa diversit\u00e9, souligne la m\u00eame source, pr\u00e9cisant qu\u2019ils pourront trouver toutes les offres attractives des \u00e9tablissements de la r\u00e9gion via le site www.visitmarrakech.com\/offres\/.<\/p>\n<p>Selon le CRT, le digital est privil\u00e9gi\u00e9 \u00e0 53% du budget global de la campagne (41% \u00e0 la publicit\u00e9 en ligne, et 12% aux supports presse en ligne).<\/p>\n<p>\u00ab\u00a0Un parti pris pour atteindre les millions de socionautes marocains et internationaux actifs sur les m\u00e9dias sociaux. La radio et l\u2019affichage seront \u00e9galement utilis\u00e9s afin de couvrir l\u2019ensemble des canaux de communication et d\u2019atteindre une cible locale plus large\u00a0\u00bb, affirme le Conseil.<\/p>\n<p>Par ailleurs, les \u00e9quipes du CRT de Marrakech-Safi ont collabor\u00e9 avec des talents locaux pour cr\u00e9er 32 vid\u00e9os couvrant ainsi la r\u00e9gion dans sa globalit\u00e9 et chaque territoire avec ses activit\u00e9s signatures.<\/p>\n<p>Chacune des vid\u00e9os invite au voyage, au road trip plus particuli\u00e8rement, avec des cartes et des pins de g\u00e9olocalisation \u00ab\u00a0Ntla9aw\u00a0\u00bb: Un clin d\u2019\u0153il \u00e0 la campagne nationale de l\u2019ONMT dont la signature est \u00ab\u00a0Ntlaqawfbladna\u00a0\u00bb (on se rencontre dans notre pays).<\/p>\n<p>Avec cette campagne, le CRT de Marrakech-Safi joue son r\u00f4le de levier promotionnel au service des op\u00e9rateurs de la r\u00e9gion, conclut le communiqu\u00e9.<\/p>\n<\/div>\n<p>Auteur: Meriem IGASS<br \/>\n<a href=\"http:\/\/www.mapmarrakech.ma\/fr\/le-crt-lance-une-grande-campagne-de-promotion-digitale\/\">Cliquez ici pour lire l&rsquo;article depuis sa source.<\/a><\/p>\n","protected":false},"excerpt":{"rendered":"<p>Marrakech \u2013 Le Conseil R\u00e9gional du Tourisme (CRT) de Marrakech-Safi s\u2019appr\u00eate, sous l\u2019impulsion de l\u2019Office National du Tourisme (ONMT), \u00e0 lancer une grande campagne de promotion digitale pour la relance du secteur touristique dans la r\u00e9gion. Cette campagne a pour objectif de \u00ab dynamiser le tourisme de la r\u00e9gion mais aussi d\u2019envoyer un signal positif [&hellip;]<\/p>\n","protected":false},"author":1788,"featured_media":0,"comment_status":"closed","ping_status":"closed","sticky":false,"template":"","format":"standard","meta":{"fifu_image_url":"","fifu_image_alt":"","footnotes":""},"categories":[54,76],"tags":[],"class_list":["post-100082","post","type-post","status-publish","format-standard","hentry","category-maroc","category-regions"],"_links":{"self":[{"href":"https:\/\/linitiative.ca\/International\/wp-json\/wp\/v2\/posts\/100082","targetHints":{"allow":["GET"]}}],"collection":[{"href":"https:\/\/linitiative.ca\/International\/wp-json\/wp\/v2\/posts"}],"about":[{"href":"https:\/\/linitiative.ca\/International\/wp-json\/wp\/v2\/types\/post"}],"author":[{"embeddable":true,"href":"https:\/\/linitiative.ca\/International\/wp-json\/wp\/v2\/users\/1788"}],"replies":[{"embeddable":true,"href":"https:\/\/linitiative.ca\/International\/wp-json\/wp\/v2\/comments?post=100082"}],"version-history":[{"count":0,"href":"https:\/\/linitiative.ca\/International\/wp-json\/wp\/v2\/posts\/100082\/revisions"}],"wp:attachment":[{"href":"https:\/\/linitiative.ca\/International\/wp-json\/wp\/v2\/media?parent=100082"}],"wp:term":[{"taxonomy":"category","embeddable":true,"href":"https:\/\/linitiative.ca\/International\/wp-json\/wp\/v2\/categories?post=100082"},{"taxonomy":"post_tag","embeddable":true,"href":"https:\/\/linitiative.ca\/International\/wp-json\/wp\/v2\/tags?post=100082"}],"curies":[{"name":"wp","href":"https:\/\/api.w.org\/{rel}","templated":true}]}}