{"id":100088,"date":"2020-09-27T14:53:10","date_gmt":"2020-09-27T18:53:10","guid":{"rendered":"https:\/\/linitiative.ca\/International\/plf-2021-les-recommandations-de-la-cgem\/"},"modified":"2020-09-27T14:53:10","modified_gmt":"2020-09-27T18:53:10","slug":"plf-2021-les-recommandations-de-la-cgem","status":"publish","type":"post","link":"https:\/\/linitiative.ca\/International\/plf-2021-les-recommandations-de-la-cgem\/","title":{"rendered":"PLF 2021: les recommandations de la CGEM"},"content":{"rendered":"<div class=\"author\" readability=\"5.7931034482759\"> Par <a href=\"\/content\/amin-rboub\">Amin RBOUB<\/a> <a href=\"\/node\/\"> <\/a> | Edition N\u00b0:5851 Le 25\/09\/2020 | Partager <\/div>\n<div class=\"body\">\n<div class=\"field field-name-body field-type-text-with-summary field-label-hidden\">\n<div class=\"field-items\" readability=\"10\">\n<div class=\"field-item even\" property=\"content:encoded\" readability=\"15\">\n<p class=\"rtejustify\">La CGEM a tenu, hier jeudi 24 septembre, son Conseil d\u2019administration afin de statuer, notamment sur le d\u00e9coupage sectoriel et la mise en conformit\u00e9 du d\u00e9coupage r\u00e9gional de la CGEM avec le d\u00e9coupage administratif du pays. Par ailleurs, les administrateurs ont approuv\u00e9 les propositions de la conf\u00e9d\u00e9ration patronale pour le PLF (projet de Loi de Finances 2021). Ces recommandations s\u2019appuient essentiellement sur la pr\u00e9servation de l\u2019emploi et du tissu productif. Le Conseil d\u2019administration a \u00e9galement valid\u00e9 la nomination des repr\u00e9sentants de la Conf\u00e9d\u00e9ration aupr\u00e8s de diff\u00e9rents organes publics, semi-publics et priv\u00e9s ainsi qu\u2019\u00e0 l\u2019adoption d\u2019une Charte du mandataire.<br \/><em>A.R.<\/em><\/p>\n<\/div>\n<\/div>\n<\/div>\n<\/div>\n<div class=\"eco-conseil\">\n<div class=\"view view-eco-conseil-16 view-id-eco_conseil_16 view-display-id-cookies view-dom-id-f9f76f8b01e2aeabb3cd190f0842fe91\">\n<div class=\"view-content\">\n<div id=\"views-bootstrap-grid-1\" class=\"views-bootstrap-grid-plugin-style\">\n<div class=\"row\">\n<div class=\" col-xs-12 col-lg-4\">\n<div class=\"row\">\n<div class=\"col col-xs-12 col-lg-12\">\n<div class=\"field-content\"><a href=\"\/article\/1067659-tanger-des-restaurants-sanctionnes\"><img loading=\"lazy\" decoding=\"async\" class=\"img-responsive\" typeof=\"foaf:Image\" src=\"https:\/\/www.leconomiste.com\/sites\/default\/files\/eco7\/public\/styles\/800x400\/public\/default_images\/default_une.jpg?itok=4jZlgnIZ\" width=\"660\" height=\"330\" alt=\"\"\/><\/a><\/div>\n<\/div>\n<div class=\" title_suite_2 col col-xs-12 col-lg-12\"> <a href=\"\/article\/1067659-tanger-des-restaurants-sanctionnes\"\/><span class=\"field-content\">Article 1067659<\/span><\/div>\n<\/div>\n<\/div>\n<div class=\" col-xs-12 col-lg-4\">\n<div class=\"row\">\n<div class=\"col col-xs-12 col-lg-12\">\n<div class=\"field-content\"><a href=\"\/article\/1067658-8-7-millions-d-eleves-cette-annee\"><img loading=\"lazy\" decoding=\"async\" class=\"img-responsive\" typeof=\"foaf:Image\" src=\"https:\/\/www.leconomiste.com\/sites\/default\/files\/eco7\/public\/styles\/800x400\/public\/default_images\/default_une.jpg?itok=4jZlgnIZ\" width=\"660\" height=\"330\" alt=\"\"\/><\/a><\/div>\n<\/div>\n<div class=\" title_suite_2 col col-xs-12 col-lg-12\"> <a href=\"\/article\/1067658-8-7-millions-d-eleves-cette-annee\"\/><span class=\"field-content\">8,7 millions d\u2019\u00e9l\u00e8ves cette ann\u00e9e<\/span><\/div>\n<\/div>\n<\/div>\n<div class=\" col-xs-12 col-lg-4\">\n<div class=\"row\">\n<div class=\"col col-xs-12 col-lg-12\">\n<div class=\"field-content\"><a href=\"\/article\/1067657-covid-19-pres-de-118-ecoles-fermees\"><img loading=\"lazy\" decoding=\"async\" class=\"img-responsive\" typeof=\"foaf:Image\" src=\"https:\/\/www.leconomiste.com\/sites\/default\/files\/eco7\/public\/styles\/800x400\/public\/default_images\/default_une.jpg?itok=4jZlgnIZ\" width=\"660\" height=\"330\" alt=\"\"\/><\/a><\/div>\n<\/div>\n<div class=\" title_suite_2 col col-xs-12 col-lg-12\"> <a href=\"\/article\/1067657-covid-19-pres-de-118-ecoles-fermees\"\/><span class=\"field-content\">Covid-19: Pr\u00e8s de 118 \u00e9coles ferm\u00e9es!<\/span><\/div>\n<\/div>\n<\/div>\n<\/div>\n<\/div>\n<\/div>\n<\/div>\n<\/div>\n<p>Auteur: hlafriqi<br \/>\n<a href=\"https:\/\/www.leconomiste.com\/article\/1067655-plf-2021-les-recommandations-de-la-cgem\">Cliquez ici pour lire l&rsquo;article depuis sa source.<\/a><\/p>\n","protected":false},"excerpt":{"rendered":"<p>Par Amin RBOUB | Edition N\u00b0:5851 Le 25\/09\/2020 | Partager La CGEM a tenu, hier jeudi 24 septembre, son Conseil d\u2019administration afin de statuer, notamment sur le d\u00e9coupage sectoriel et la mise en conformit\u00e9 du d\u00e9coupage r\u00e9gional de la CGEM avec le d\u00e9coupage administratif du pays. Par ailleurs, les administrateurs ont approuv\u00e9 les propositions de [&hellip;]<\/p>\n","protected":false},"author":1763,"featured_media":0,"comment_status":"closed","ping_status":"closed","sticky":false,"template":"","format":"standard","meta":{"fifu_image_url":"","fifu_image_alt":"","footnotes":""},"categories":[78,54],"tags":[],"class_list":["post-100088","post","type-post","status-publish","format-standard","hentry","category-economie","category-maroc"],"_links":{"self":[{"href":"https:\/\/linitiative.ca\/International\/wp-json\/wp\/v2\/posts\/100088","targetHints":{"allow":["GET"]}}],"collection":[{"href":"https:\/\/linitiative.ca\/International\/wp-json\/wp\/v2\/posts"}],"about":[{"href":"https:\/\/linitiative.ca\/International\/wp-json\/wp\/v2\/types\/post"}],"author":[{"embeddable":true,"href":"https:\/\/linitiative.ca\/International\/wp-json\/wp\/v2\/users\/1763"}],"replies":[{"embeddable":true,"href":"https:\/\/linitiative.ca\/International\/wp-json\/wp\/v2\/comments?post=100088"}],"version-history":[{"count":0,"href":"https:\/\/linitiative.ca\/International\/wp-json\/wp\/v2\/posts\/100088\/revisions"}],"wp:attachment":[{"href":"https:\/\/linitiative.ca\/International\/wp-json\/wp\/v2\/media?parent=100088"}],"wp:term":[{"taxonomy":"category","embeddable":true,"href":"https:\/\/linitiative.ca\/International\/wp-json\/wp\/v2\/categories?post=100088"},{"taxonomy":"post_tag","embeddable":true,"href":"https:\/\/linitiative.ca\/International\/wp-json\/wp\/v2\/tags?post=100088"}],"curies":[{"name":"wp","href":"https:\/\/api.w.org\/{rel}","templated":true}]}}