{"id":100089,"date":"2020-09-27T14:53:12","date_gmt":"2020-09-27T18:53:12","guid":{"rendered":"https:\/\/linitiative.ca\/International\/un-ex-haut-cadre-de-locp-a-la-tete-daxa-maroc-et-axa-cima\/"},"modified":"2020-09-27T14:53:12","modified_gmt":"2020-09-27T18:53:12","slug":"un-ex-haut-cadre-de-locp-a-la-tete-daxa-maroc-et-axa-cima","status":"publish","type":"post","link":"https:\/\/linitiative.ca\/International\/un-ex-haut-cadre-de-locp-a-la-tete-daxa-maroc-et-axa-cima\/","title":{"rendered":"Un ex-haut cadre de l\u2019OCP \u00e0 la t\u00eate d\u2019Axa Maroc et Axa CIMA"},"content":{"rendered":"<div class=\"body\">\n<div class=\"field field-name-body field-type-text-with-summary field-label-hidden\">\n<div class=\"field-items\" readability=\"9.5\">\n<div class=\"field-item even\" property=\"content:encoded\" readability=\"14\">\n<p class=\"rtejustify\">Belle promotion pour Meryem Chami. Cette ancienne haut cadre de l\u2019OCP va prendre les r\u00eanes de la compagnie d\u2019assurances Axa Maroc et Axa CIMA (Cameroun, C\u00f4te d\u2019Ivoire, Gabon, S\u00e9n\u00e9gal), \u00e0 partir du 1e octobre 2020. Elle succ\u00e9dera \u00e0 Philippe Rocard qui avait \u00e9t\u00e9 nomm\u00e9 au poste de PDG en 2015.<br \/><em>M.A.B.<\/em><\/p>\n<\/div>\n<\/div>\n<\/div>\n<\/div>\n<div class=\"eco-conseil\">\n<div class=\"view view-eco-conseil-16 view-id-eco_conseil_16 view-display-id-cookies view-dom-id-1c88d2df846998f9b26f53f775ad7e0c\">\n<div class=\"view-content\">\n<div id=\"views-bootstrap-grid-1\" class=\"views-bootstrap-grid-plugin-style\">\n<div class=\"row\">\n<div class=\" col-xs-12 col-lg-4\">\n<div class=\"row\">\n<div class=\"col col-xs-12 col-lg-12\">\n<div class=\"field-content\"><a href=\"\/article\/1067659-tanger-des-restaurants-sanctionnes\"><img loading=\"lazy\" decoding=\"async\" class=\"img-responsive\" typeof=\"foaf:Image\" src=\"https:\/\/www.leconomiste.com\/sites\/default\/files\/eco7\/public\/styles\/800x400\/public\/default_images\/default_une.jpg?itok=4jZlgnIZ\" width=\"660\" height=\"330\" alt=\"\"\/><\/a><\/div>\n<\/div>\n<div class=\" title_suite_2 col col-xs-12 col-lg-12\"> <a href=\"\/article\/1067659-tanger-des-restaurants-sanctionnes\"\/><span class=\"field-content\">Article 1067659<\/span><\/div>\n<\/div>\n<\/div>\n<div class=\" col-xs-12 col-lg-4\">\n<div class=\"row\">\n<div class=\"col col-xs-12 col-lg-12\">\n<div class=\"field-content\"><a href=\"\/article\/1067658-8-7-millions-d-eleves-cette-annee\"><img loading=\"lazy\" decoding=\"async\" class=\"img-responsive\" typeof=\"foaf:Image\" src=\"https:\/\/www.leconomiste.com\/sites\/default\/files\/eco7\/public\/styles\/800x400\/public\/default_images\/default_une.jpg?itok=4jZlgnIZ\" width=\"660\" height=\"330\" alt=\"\"\/><\/a><\/div>\n<\/div>\n<div class=\" title_suite_2 col col-xs-12 col-lg-12\"> <a href=\"\/article\/1067658-8-7-millions-d-eleves-cette-annee\"\/><span class=\"field-content\">8,7 millions d\u2019\u00e9l\u00e8ves cette ann\u00e9e<\/span><\/div>\n<\/div>\n<\/div>\n<div class=\" col-xs-12 col-lg-4\">\n<div class=\"row\">\n<div class=\"col col-xs-12 col-lg-12\">\n<div class=\"field-content\"><a href=\"\/article\/1067657-covid-19-pres-de-118-ecoles-fermees\"><img loading=\"lazy\" decoding=\"async\" class=\"img-responsive\" typeof=\"foaf:Image\" src=\"https:\/\/www.leconomiste.com\/sites\/default\/files\/eco7\/public\/styles\/800x400\/public\/default_images\/default_une.jpg?itok=4jZlgnIZ\" width=\"660\" height=\"330\" alt=\"\"\/><\/a><\/div>\n<\/div>\n<div class=\" title_suite_2 col col-xs-12 col-lg-12\"> <a href=\"\/article\/1067657-covid-19-pres-de-118-ecoles-fermees\"\/><span class=\"field-content\">Covid-19: Pr\u00e8s de 118 \u00e9coles ferm\u00e9es!<\/span><\/div>\n<\/div>\n<\/div>\n<\/div>\n<\/div>\n<\/div>\n<\/div>\n<\/div>\n<p>Auteur: hlafriqi<br \/>\n<a href=\"https:\/\/www.leconomiste.com\/article\/1067656-un-ex-haut-cadre-de-l-ocp-la-tete-d-axa-maroc-et-axa-cima\">Cliquez ici pour lire l&rsquo;article depuis sa source.<\/a><\/p>\n","protected":false},"excerpt":{"rendered":"<p>Belle promotion pour Meryem Chami. Cette ancienne haut cadre de l\u2019OCP va prendre les r\u00eanes de la compagnie d\u2019assurances Axa Maroc et Axa CIMA (Cameroun, C\u00f4te d\u2019Ivoire, Gabon, S\u00e9n\u00e9gal), \u00e0 partir du 1e octobre 2020. Elle succ\u00e9dera \u00e0 Philippe Rocard qui avait \u00e9t\u00e9 nomm\u00e9 au poste de PDG en 2015.M.A.B. Article 1067659 8,7 millions d\u2019\u00e9l\u00e8ves [&hellip;]<\/p>\n","protected":false},"author":1763,"featured_media":0,"comment_status":"closed","ping_status":"closed","sticky":false,"template":"","format":"standard","meta":{"fifu_image_url":"","fifu_image_alt":"","footnotes":""},"categories":[78,54],"tags":[],"class_list":["post-100089","post","type-post","status-publish","format-standard","hentry","category-economie","category-maroc"],"_links":{"self":[{"href":"https:\/\/linitiative.ca\/International\/wp-json\/wp\/v2\/posts\/100089","targetHints":{"allow":["GET"]}}],"collection":[{"href":"https:\/\/linitiative.ca\/International\/wp-json\/wp\/v2\/posts"}],"about":[{"href":"https:\/\/linitiative.ca\/International\/wp-json\/wp\/v2\/types\/post"}],"author":[{"embeddable":true,"href":"https:\/\/linitiative.ca\/International\/wp-json\/wp\/v2\/users\/1763"}],"replies":[{"embeddable":true,"href":"https:\/\/linitiative.ca\/International\/wp-json\/wp\/v2\/comments?post=100089"}],"version-history":[{"count":0,"href":"https:\/\/linitiative.ca\/International\/wp-json\/wp\/v2\/posts\/100089\/revisions"}],"wp:attachment":[{"href":"https:\/\/linitiative.ca\/International\/wp-json\/wp\/v2\/media?parent=100089"}],"wp:term":[{"taxonomy":"category","embeddable":true,"href":"https:\/\/linitiative.ca\/International\/wp-json\/wp\/v2\/categories?post=100089"},{"taxonomy":"post_tag","embeddable":true,"href":"https:\/\/linitiative.ca\/International\/wp-json\/wp\/v2\/tags?post=100089"}],"curies":[{"name":"wp","href":"https:\/\/api.w.org\/{rel}","templated":true}]}}