{"id":100091,"date":"2020-09-27T14:53:16","date_gmt":"2020-09-27T18:53:16","guid":{"rendered":"https:\/\/linitiative.ca\/International\/87-millions-deleves-cette-annee\/"},"modified":"2020-09-27T14:53:16","modified_gmt":"2020-09-27T18:53:16","slug":"87-millions-deleves-cette-annee","status":"publish","type":"post","link":"https:\/\/linitiative.ca\/International\/87-millions-deleves-cette-annee\/","title":{"rendered":"8,7 millions d\u2019\u00e9l\u00e8ves cette ann\u00e9e"},"content":{"rendered":"<div class=\"author\" readability=\"5.6949152542373\"> Par <a href=\"\/content\/ahlam-nazih\"> Ahlam NAZIH<\/a> <a href=\"\/node\/\"> <\/a> | Edition N\u00b0:5851 Le 25\/09\/2020 | Partager <\/div>\n<div class=\"body\">\n<div class=\"field field-name-body field-type-text-with-summary field-label-hidden\">\n<div class=\"field-items\" readability=\"11\">\n<div class=\"field-item even\" property=\"content:encoded\" readability=\"17\">\n<p class=\"rtejustify\">Le ministre de l\u2019Education nationale, Saa\u00efd Amzazi, a livr\u00e9 les chiffres de la rentr\u00e9e scolaire 2020-2021 lors du conseil du gouvernement de ce jeudi. Cette ann\u00e9e, les \u00e9coles primaires-secondaires devraient accueillir plus de 8,7 millions d\u2019\u00e9l\u00e8ves, dont 776.409 nouvelles inscriptions. Dans le pr\u00e9scolaire, l\u2019on s\u2019attend \u00e0 plus de 910.000 enfants. Les infrastructures scolaires seront renforc\u00e9es avec 179 nouveaux \u00e9tablissements. Le corps professoral sera augment\u00e9 de 15.000 nouvelles recrues, pour un total de 310.183 enseignants et administratifs. \u00a0<br \/><em>A.Na<\/em><\/p>\n<\/div>\n<\/div>\n<\/div>\n<\/div>\n<div class=\"eco-conseil\">\n<div class=\"view view-eco-conseil-16 view-id-eco_conseil_16 view-display-id-cookies view-dom-id-450b993eb3c7fb612975e101459f2560\">\n<div class=\"view-content\">\n<div id=\"views-bootstrap-grid-1\" class=\"views-bootstrap-grid-plugin-style\">\n<div class=\"row\">\n<div class=\" col-xs-12 col-lg-4\">\n<div class=\"row\">\n<div class=\"col col-xs-12 col-lg-12\">\n<div class=\"field-content\"><a href=\"\/article\/1067659-tanger-des-restaurants-sanctionnes\"><img loading=\"lazy\" decoding=\"async\" class=\"img-responsive\" typeof=\"foaf:Image\" src=\"https:\/\/www.leconomiste.com\/sites\/default\/files\/eco7\/public\/styles\/800x400\/public\/default_images\/default_une.jpg?itok=4jZlgnIZ\" width=\"660\" height=\"330\" alt=\"\"\/><\/a><\/div>\n<\/div>\n<div class=\" title_suite_2 col col-xs-12 col-lg-12\"> <a href=\"\/article\/1067659-tanger-des-restaurants-sanctionnes\"\/><span class=\"field-content\">Article 1067659<\/span><\/div>\n<\/div>\n<\/div>\n<div class=\" col-xs-12 col-lg-4\">\n<div class=\"row\">\n<div class=\"col col-xs-12 col-lg-12\">\n<div class=\"field-content\"><a href=\"\/article\/1067657-covid-19-pres-de-118-ecoles-fermees\"><img loading=\"lazy\" decoding=\"async\" class=\"img-responsive\" typeof=\"foaf:Image\" src=\"https:\/\/www.leconomiste.com\/sites\/default\/files\/eco7\/public\/styles\/800x400\/public\/default_images\/default_une.jpg?itok=4jZlgnIZ\" width=\"660\" height=\"330\" alt=\"\"\/><\/a><\/div>\n<\/div>\n<div class=\" title_suite_2 col col-xs-12 col-lg-12\"> <a href=\"\/article\/1067657-covid-19-pres-de-118-ecoles-fermees\"\/><span class=\"field-content\">Covid-19: Pr\u00e8s de 118 \u00e9coles ferm\u00e9es!<\/span><\/div>\n<\/div>\n<\/div>\n<div class=\" col-xs-12 col-lg-4\">\n<div class=\"row\">\n<div class=\"col col-xs-12 col-lg-12\">\n<div class=\"field-content\"><a href=\"\/article\/1067656-un-ex-haut-cadre-de-l-ocp-la-tete-d-axa-maroc-et-axa-cima\"><img loading=\"lazy\" decoding=\"async\" class=\"img-responsive\" typeof=\"foaf:Image\" src=\"https:\/\/www.leconomiste.com\/sites\/default\/files\/eco7\/public\/styles\/800x400\/public\/default_images\/default_une.jpg?itok=4jZlgnIZ\" width=\"660\" height=\"330\" alt=\"\"\/><\/a><\/div>\n<\/div>\n<div class=\" title_suite_2 col col-xs-12 col-lg-12\"> <a href=\"\/article\/1067656-un-ex-haut-cadre-de-l-ocp-la-tete-d-axa-maroc-et-axa-cima\"\/><span class=\"field-content\">Un ex-haut cadre de l\u2019OCP \u00e0 la t\u00eate d\u2019Axa Maroc et Axa CIMA<\/span><\/div>\n<\/div>\n<\/div>\n<\/div>\n<\/div>\n<\/div>\n<\/div>\n<\/div>\n<p>Auteur: hlafriqi<br \/>\n<a href=\"https:\/\/www.leconomiste.com\/article\/1067658-8-7-millions-d-eleves-cette-annee\">Cliquez ici pour lire l&rsquo;article depuis sa source.<\/a><\/p>\n","protected":false},"excerpt":{"rendered":"<p>Par Ahlam NAZIH | Edition N\u00b0:5851 Le 25\/09\/2020 | Partager Le ministre de l\u2019Education nationale, Saa\u00efd Amzazi, a livr\u00e9 les chiffres de la rentr\u00e9e scolaire 2020-2021 lors du conseil du gouvernement de ce jeudi. Cette ann\u00e9e, les \u00e9coles primaires-secondaires devraient accueillir plus de 8,7 millions d\u2019\u00e9l\u00e8ves, dont 776.409 nouvelles inscriptions. Dans le pr\u00e9scolaire, l\u2019on s\u2019attend [&hellip;]<\/p>\n","protected":false},"author":1763,"featured_media":0,"comment_status":"closed","ping_status":"closed","sticky":false,"template":"","format":"standard","meta":{"fifu_image_url":"","fifu_image_alt":"","footnotes":""},"categories":[78,54],"tags":[],"class_list":["post-100091","post","type-post","status-publish","format-standard","hentry","category-economie","category-maroc"],"_links":{"self":[{"href":"https:\/\/linitiative.ca\/International\/wp-json\/wp\/v2\/posts\/100091","targetHints":{"allow":["GET"]}}],"collection":[{"href":"https:\/\/linitiative.ca\/International\/wp-json\/wp\/v2\/posts"}],"about":[{"href":"https:\/\/linitiative.ca\/International\/wp-json\/wp\/v2\/types\/post"}],"author":[{"embeddable":true,"href":"https:\/\/linitiative.ca\/International\/wp-json\/wp\/v2\/users\/1763"}],"replies":[{"embeddable":true,"href":"https:\/\/linitiative.ca\/International\/wp-json\/wp\/v2\/comments?post=100091"}],"version-history":[{"count":0,"href":"https:\/\/linitiative.ca\/International\/wp-json\/wp\/v2\/posts\/100091\/revisions"}],"wp:attachment":[{"href":"https:\/\/linitiative.ca\/International\/wp-json\/wp\/v2\/media?parent=100091"}],"wp:term":[{"taxonomy":"category","embeddable":true,"href":"https:\/\/linitiative.ca\/International\/wp-json\/wp\/v2\/categories?post=100091"},{"taxonomy":"post_tag","embeddable":true,"href":"https:\/\/linitiative.ca\/International\/wp-json\/wp\/v2\/tags?post=100091"}],"curies":[{"name":"wp","href":"https:\/\/api.w.org\/{rel}","templated":true}]}}