{"id":100092,"date":"2020-09-27T14:53:18","date_gmt":"2020-09-27T18:53:18","guid":{"rendered":"https:\/\/linitiative.ca\/International\/article-1067659\/"},"modified":"2020-09-27T14:53:18","modified_gmt":"2020-09-27T18:53:18","slug":"article-1067659","status":"publish","type":"post","link":"https:\/\/linitiative.ca\/International\/article-1067659\/","title":{"rendered":"Article 1067659"},"content":{"rendered":"<div class=\"author\" readability=\"5.7931034482759\"> Par <a href=\"\/content\/ali-abjiou\"> Ali ABJIOU<\/a> <a href=\"\/node\/\"> <\/a> | Edition N\u00b0:5851 Le 25\/09\/2020 | Partager <\/div>\n<div class=\"body\">\n<div class=\"field field-name-body field-type-text-with-summary field-label-hidden\">\n<div class=\"field-items\" readability=\"8.5\">\n<div class=\"field-item even\" property=\"content:encoded\" readability=\"12\">\n<p class=\"rtejustify\">L\u2019op\u00e9ration de contr\u00f4le des restaurants a atteint la ville de Tanger. Plusieurs \u00e9tablissements ont \u00e9t\u00e9 contr\u00f4l\u00e9s et certains sanctionn\u00e9s, selon un communiqu\u00e9 de la DGSN. Il s\u2019agit d\u2019infractions li\u00e9es \u00e0 la violation des mesures sanitaires pr\u00e9ventives. Les op\u00e9rations de contr\u00f4le ont aussi abouti \u00e0 la saisie de plusieurs lots de boissons alcoolis\u00e9es et produits alimentaires p\u00e9rim\u00e9s et impropres \u00e0 la consommation. Suite \u00e0 ces op\u00e9rations, les autorit\u00e9s locales ont d\u00e9cid\u00e9 la fermeture de sept restaurants jusqu\u2019\u00e0 r\u00e9gularisation de leur situation juridique.<br \/><em>A.A.<\/em><\/p>\n<\/div>\n<\/div>\n<\/div>\n<\/div>\n<div class=\"eco-conseil\">\n<div class=\"view view-eco-conseil-16 view-id-eco_conseil_16 view-display-id-cookies view-dom-id-fd5018fb6899260bf5a9741a5ee4053a\">\n<div class=\"view-content\">\n<div id=\"views-bootstrap-grid-1\" class=\"views-bootstrap-grid-plugin-style\">\n<div class=\"row\">\n<div class=\" col-xs-12 col-lg-4\">\n<div class=\"row\">\n<div class=\"col col-xs-12 col-lg-12\">\n<div class=\"field-content\"><a href=\"\/article\/1067658-8-7-millions-d-eleves-cette-annee\"><img loading=\"lazy\" decoding=\"async\" class=\"img-responsive\" typeof=\"foaf:Image\" src=\"https:\/\/www.leconomiste.com\/sites\/default\/files\/eco7\/public\/styles\/800x400\/public\/default_images\/default_une.jpg?itok=4jZlgnIZ\" width=\"660\" height=\"330\" alt=\"\"\/><\/a><\/div>\n<\/div>\n<div class=\" title_suite_2 col col-xs-12 col-lg-12\"> <a href=\"\/article\/1067658-8-7-millions-d-eleves-cette-annee\"\/><span class=\"field-content\">8,7 millions d\u2019\u00e9l\u00e8ves cette ann\u00e9e<\/span><\/div>\n<\/div>\n<\/div>\n<div class=\" col-xs-12 col-lg-4\">\n<div class=\"row\">\n<div class=\"col col-xs-12 col-lg-12\">\n<div class=\"field-content\"><a href=\"\/article\/1067657-covid-19-pres-de-118-ecoles-fermees\"><img loading=\"lazy\" decoding=\"async\" class=\"img-responsive\" typeof=\"foaf:Image\" src=\"https:\/\/www.leconomiste.com\/sites\/default\/files\/eco7\/public\/styles\/800x400\/public\/default_images\/default_une.jpg?itok=4jZlgnIZ\" width=\"660\" height=\"330\" alt=\"\"\/><\/a><\/div>\n<\/div>\n<div class=\" title_suite_2 col col-xs-12 col-lg-12\"> <a href=\"\/article\/1067657-covid-19-pres-de-118-ecoles-fermees\"\/><span class=\"field-content\">Covid-19: Pr\u00e8s de 118 \u00e9coles ferm\u00e9es!<\/span><\/div>\n<\/div>\n<\/div>\n<div class=\" col-xs-12 col-lg-4\">\n<div class=\"row\">\n<div class=\"col col-xs-12 col-lg-12\">\n<div class=\"field-content\"><a href=\"\/article\/1067656-un-ex-haut-cadre-de-l-ocp-la-tete-d-axa-maroc-et-axa-cima\"><img loading=\"lazy\" decoding=\"async\" class=\"img-responsive\" typeof=\"foaf:Image\" src=\"https:\/\/www.leconomiste.com\/sites\/default\/files\/eco7\/public\/styles\/800x400\/public\/default_images\/default_une.jpg?itok=4jZlgnIZ\" width=\"660\" height=\"330\" alt=\"\"\/><\/a><\/div>\n<\/div>\n<div class=\" title_suite_2 col col-xs-12 col-lg-12\"> <a href=\"\/article\/1067656-un-ex-haut-cadre-de-l-ocp-la-tete-d-axa-maroc-et-axa-cima\"\/><span class=\"field-content\">Un ex-haut cadre de l\u2019OCP \u00e0 la t\u00eate d\u2019Axa Maroc et Axa CIMA<\/span><\/div>\n<\/div>\n<\/div>\n<\/div>\n<\/div>\n<\/div>\n<\/div>\n<\/div>\n<p>Auteur: hlafriqi<br \/>\n<a href=\"https:\/\/www.leconomiste.com\/article\/1067659-tanger-des-restaurants-sanctionnes\">Cliquez ici pour lire l&rsquo;article depuis sa source.<\/a><\/p>\n","protected":false},"excerpt":{"rendered":"<p>Par Ali ABJIOU | Edition N\u00b0:5851 Le 25\/09\/2020 | Partager L\u2019op\u00e9ration de contr\u00f4le des restaurants a atteint la ville de Tanger. Plusieurs \u00e9tablissements ont \u00e9t\u00e9 contr\u00f4l\u00e9s et certains sanctionn\u00e9s, selon un communiqu\u00e9 de la DGSN. Il s\u2019agit d\u2019infractions li\u00e9es \u00e0 la violation des mesures sanitaires pr\u00e9ventives. Les op\u00e9rations de contr\u00f4le ont aussi abouti \u00e0 la [&hellip;]<\/p>\n","protected":false},"author":1763,"featured_media":0,"comment_status":"closed","ping_status":"closed","sticky":false,"template":"","format":"standard","meta":{"fifu_image_url":"","fifu_image_alt":"","footnotes":""},"categories":[78,54],"tags":[],"class_list":["post-100092","post","type-post","status-publish","format-standard","hentry","category-economie","category-maroc"],"_links":{"self":[{"href":"https:\/\/linitiative.ca\/International\/wp-json\/wp\/v2\/posts\/100092","targetHints":{"allow":["GET"]}}],"collection":[{"href":"https:\/\/linitiative.ca\/International\/wp-json\/wp\/v2\/posts"}],"about":[{"href":"https:\/\/linitiative.ca\/International\/wp-json\/wp\/v2\/types\/post"}],"author":[{"embeddable":true,"href":"https:\/\/linitiative.ca\/International\/wp-json\/wp\/v2\/users\/1763"}],"replies":[{"embeddable":true,"href":"https:\/\/linitiative.ca\/International\/wp-json\/wp\/v2\/comments?post=100092"}],"version-history":[{"count":0,"href":"https:\/\/linitiative.ca\/International\/wp-json\/wp\/v2\/posts\/100092\/revisions"}],"wp:attachment":[{"href":"https:\/\/linitiative.ca\/International\/wp-json\/wp\/v2\/media?parent=100092"}],"wp:term":[{"taxonomy":"category","embeddable":true,"href":"https:\/\/linitiative.ca\/International\/wp-json\/wp\/v2\/categories?post=100092"},{"taxonomy":"post_tag","embeddable":true,"href":"https:\/\/linitiative.ca\/International\/wp-json\/wp\/v2\/tags?post=100092"}],"curies":[{"name":"wp","href":"https:\/\/api.w.org\/{rel}","templated":true}]}}