{"id":100093,"date":"2020-09-27T15:13:11","date_gmt":"2020-09-27T19:13:11","guid":{"rendered":"https:\/\/linitiative.ca\/International\/pros-belkebla-tombe-a-angers\/"},"modified":"2020-09-27T15:13:11","modified_gmt":"2020-09-27T19:13:11","slug":"pros-belkebla-tombe-a-angers","status":"publish","type":"post","link":"https:\/\/linitiative.ca\/International\/pros-belkebla-tombe-a-angers\/","title":{"rendered":"Pros : Belkebla tombe \u00e0 Angers"},"content":{"rendered":"<div readability=\"32\">\n<p>Auteur : <span>Moumen A.<\/span> <span class=\"time\">dimanche 27 septembre 2020 16:35<\/span><\/p>\n<\/div>\n<div id=\"post_core\" readability=\"37\">\n<p>Le Stade Brestois a perdu un match qui \u00e9tait \u00e0 sa port\u00e9e cet apr\u00e8s-midi contre Angers. \u00a0Les camarades de Haris Belkebla se sont inclin\u00e9 sur le score de trois buts\u00a0 \u00e0 deux apr\u00e8s avoir men\u00e9s pendant longtemps deux buts \u00e0 un. Titulaire le milieu de terrain de l\u2019Equipe nationale Belkebla a jou\u00e9 88 minutes avant de c\u00e9der sa place<\/p>\n<p><strong>Publi\u00e9 dans :<\/strong> <span>Belkebla<\/span> <span>Belmadi Djamel<\/span><\/p>\n<\/div>\n<p>Auteur:<br \/>\n<a href=\"http:\/\/www.lebuteur.com\/article\/detail?titre=belkebla-tombe-a-angers&#038;id=97408&#038;utm_source=feedburner&#038;utm_medium=feed&#038;utm_campaign=Feed%3A+GalerieFArtciles+%28Les+derniers+articles++-+lebuteur.com%29\">Cliquez ici pour lire l&rsquo;article depuis sa source.<\/a><\/p>\n","protected":false},"excerpt":{"rendered":"<p>Auteur : Moumen A. dimanche 27 septembre 2020 16:35 Le Stade Brestois a perdu un match qui \u00e9tait \u00e0 sa port\u00e9e cet apr\u00e8s-midi contre Angers. \u00a0Les camarades de Haris Belkebla se sont inclin\u00e9 sur le score de trois buts\u00a0 \u00e0 deux apr\u00e8s avoir men\u00e9s pendant longtemps deux buts \u00e0 un. Titulaire le milieu de terrain [&hellip;]<\/p>\n","protected":false},"author":1738,"featured_media":100094,"comment_status":"closed","ping_status":"closed","sticky":false,"template":"","format":"standard","meta":{"fifu_image_url":"","fifu_image_alt":"","footnotes":""},"categories":[53,75],"tags":[],"class_list":["post-100093","post","type-post","status-publish","format-standard","has-post-thumbnail","hentry","category-algerie","category-sport"],"_links":{"self":[{"href":"https:\/\/linitiative.ca\/International\/wp-json\/wp\/v2\/posts\/100093","targetHints":{"allow":["GET"]}}],"collection":[{"href":"https:\/\/linitiative.ca\/International\/wp-json\/wp\/v2\/posts"}],"about":[{"href":"https:\/\/linitiative.ca\/International\/wp-json\/wp\/v2\/types\/post"}],"author":[{"embeddable":true,"href":"https:\/\/linitiative.ca\/International\/wp-json\/wp\/v2\/users\/1738"}],"replies":[{"embeddable":true,"href":"https:\/\/linitiative.ca\/International\/wp-json\/wp\/v2\/comments?post=100093"}],"version-history":[{"count":0,"href":"https:\/\/linitiative.ca\/International\/wp-json\/wp\/v2\/posts\/100093\/revisions"}],"wp:featuredmedia":[{"embeddable":true,"href":"https:\/\/linitiative.ca\/International\/wp-json\/"}],"wp:attachment":[{"href":"https:\/\/linitiative.ca\/International\/wp-json\/wp\/v2\/media?parent=100093"}],"wp:term":[{"taxonomy":"category","embeddable":true,"href":"https:\/\/linitiative.ca\/International\/wp-json\/wp\/v2\/categories?post=100093"},{"taxonomy":"post_tag","embeddable":true,"href":"https:\/\/linitiative.ca\/International\/wp-json\/wp\/v2\/tags?post=100093"}],"curies":[{"name":"wp","href":"https:\/\/api.w.org\/{rel}","templated":true}]}}