{"id":100109,"date":"2020-09-27T08:17:33","date_gmt":"2020-09-27T12:17:33","guid":{"rendered":"https:\/\/linitiative.ca\/International\/110192-cyclisme-la-saison-2019-2020-officiellement-arretee\/"},"modified":"2020-09-27T08:17:33","modified_gmt":"2020-09-27T12:17:33","slug":"110192-cyclisme-la-saison-2019-2020-officiellement-arretee","status":"publish","type":"post","link":"https:\/\/linitiative.ca\/International\/110192-cyclisme-la-saison-2019-2020-officiellement-arretee\/","title":{"rendered":"Cyclisme: la saison 2019-2020 officiellement arr\u00eat\u00e9e"},"content":{"rendered":"<div>\n<div class=\"K2FeedImage\"><img decoding=\"async\" src=\"http:\/\/www.aps.dz\/media\/k2\/items\/cache\/2a23f551344dee12c82b78556683b771_S.jpg\" alt=\"Cyclisme: la saison 2019-2020 officiellement arr\u00eat\u00e9e\"><\/div>\n<div class=\"K2FeedIntroText\">\n<p><strong>ALGER &#8211; La F\u00e9d\u00e9ration alg\u00e9rienne de cyclisme (FAC) a annonc\u00e9 l&rsquo;arr\u00eat d\u00e9finitif de la saison 2019-2020 en raison de la pand\u00e9mie de nouveau coronavirus (COVID-19), qui continue d&#8217;emp\u00eacher la reprise des activit\u00e9s.<\/strong><\/p>\n<\/div>\n<div class=\"K2FeedFullText\">\n<p>L&rsquo;instance f\u00e9d\u00e9rale avait longtemps entretenu l&rsquo;espoir d&rsquo;organiser au moins les plus importantes des comp\u00e9titions seniors inscrites au calendrier. En vain. Elle a fini par d\u00e9cider de d\u00e9cr\u00e9ter \u00ab\u00a0une saison \u00e0 blanc\u00a0\u00bb.<\/p>\n<blockquote>\n<p><em><strong>Cette d\u00e9cision a \u00e9t\u00e9 prise samedi, lors d&rsquo;une session ordinaire du Bureau f\u00e9d\u00e9ral de la FAC, tenue au complexe sportif Ahmed-Ghermoul d&rsquo;Alger, sous la direction du pr\u00e9sident de l&rsquo;instance, Khe\u00efreddine Barbari.<\/strong><\/em><\/p>\n<\/blockquote>\n<p>\u00ab\u00a0La FAC estime avoir pris une sage d\u00e9cision, qui arrange aussi bien les athl\u00e8tes que les clubs, car avec cet arr\u00eat d\u00e9finitif, ils pourront pr\u00e9parer tranquillement la nouvelle saison\u00a0\u00bb, a indiqu\u00e9 la FAC dans un bref communiqu\u00e9, en pr\u00e9cisant avoir d\u00e9cid\u00e9 de \u00ab\u00a0maintenir le m\u00eame classement des clubs qu&rsquo;en 2019\u00a0\u00bb.<\/p>\n<\/div>\n<p><img loading=\"lazy\" decoding=\"async\" src=\"http:\/\/feeds.feedburner.com\/~r\/aps-sport\/~4\/kDlKDGyNf5o\" height=\"1\" width=\"1\" alt=\"\">\n<\/div>\n<p>Auteur:<br \/>\n<a href=\"http:\/\/www.aps.dz\/sport\/110192-cyclisme-la-saison-2019-2020-officiellement-arretee?utm_source=feedburner&#038;utm_medium=feed&#038;utm_campaign=Feed%3A+aps-sport+%28APS+-+SPORT%29\">Cliquez ici pour lire l&rsquo;article depuis sa source.<\/a><\/p>\n","protected":false},"excerpt":{"rendered":"<p>ALGER &#8211; La F\u00e9d\u00e9ration alg\u00e9rienne de cyclisme (FAC) a annonc\u00e9 l&rsquo;arr\u00eat d\u00e9finitif de la saison 2019-2020 en raison de la pand\u00e9mie de nouveau coronavirus (COVID-19), qui continue d&#8217;emp\u00eacher la reprise des activit\u00e9s. L&rsquo;instance f\u00e9d\u00e9rale avait longtemps entretenu l&rsquo;espoir d&rsquo;organiser au moins les plus importantes des comp\u00e9titions seniors inscrites au calendrier. En vain. Elle a fini [&hellip;]<\/p>\n","protected":false},"author":1790,"featured_media":100110,"comment_status":"closed","ping_status":"closed","sticky":false,"template":"","format":"standard","meta":{"fifu_image_url":"","fifu_image_alt":"","footnotes":""},"categories":[53,75],"tags":[],"class_list":["post-100109","post","type-post","status-publish","format-standard","has-post-thumbnail","hentry","category-algerie","category-sport"],"_links":{"self":[{"href":"https:\/\/linitiative.ca\/International\/wp-json\/wp\/v2\/posts\/100109","targetHints":{"allow":["GET"]}}],"collection":[{"href":"https:\/\/linitiative.ca\/International\/wp-json\/wp\/v2\/posts"}],"about":[{"href":"https:\/\/linitiative.ca\/International\/wp-json\/wp\/v2\/types\/post"}],"author":[{"embeddable":true,"href":"https:\/\/linitiative.ca\/International\/wp-json\/wp\/v2\/users\/1790"}],"replies":[{"embeddable":true,"href":"https:\/\/linitiative.ca\/International\/wp-json\/wp\/v2\/comments?post=100109"}],"version-history":[{"count":0,"href":"https:\/\/linitiative.ca\/International\/wp-json\/wp\/v2\/posts\/100109\/revisions"}],"wp:featuredmedia":[{"embeddable":true,"href":"https:\/\/linitiative.ca\/International\/wp-json\/"}],"wp:attachment":[{"href":"https:\/\/linitiative.ca\/International\/wp-json\/wp\/v2\/media?parent=100109"}],"wp:term":[{"taxonomy":"category","embeddable":true,"href":"https:\/\/linitiative.ca\/International\/wp-json\/wp\/v2\/categories?post=100109"},{"taxonomy":"post_tag","embeddable":true,"href":"https:\/\/linitiative.ca\/International\/wp-json\/wp\/v2\/tags?post=100109"}],"curies":[{"name":"wp","href":"https:\/\/api.w.org\/{rel}","templated":true}]}}