{"id":100111,"date":"2020-09-27T13:29:54","date_gmt":"2020-09-27T17:29:54","guid":{"rendered":"https:\/\/linitiative.ca\/International\/110206-khaldi-degel-prochain-des-projets-du-secteur-de-la-jeunesse-et-des-sports-dans-le-sud\/"},"modified":"2020-09-27T13:29:54","modified_gmt":"2020-09-27T17:29:54","slug":"110206-khaldi-degel-prochain-des-projets-du-secteur-de-la-jeunesse-et-des-sports-dans-le-sud","status":"publish","type":"post","link":"https:\/\/linitiative.ca\/International\/110206-khaldi-degel-prochain-des-projets-du-secteur-de-la-jeunesse-et-des-sports-dans-le-sud\/","title":{"rendered":"D\u00e9gel prochain des projets du secteur de la jeunesse et des sports dans le Sud"},"content":{"rendered":"<p><span class=\"sp-nh-title\">La mise en conformit\u00e9 des produits artisanaux avec les exigences du march\u00e9 est essentielle<\/span> &#8211; <span class=\"sp-nh-date\">dimanche 27 septembre 2020 20:15<\/span><\/p>\n<p><span class=\"sp-nh-title\">Liban: appels \u00e0 s\u2019attaquer aux raisons de l\u2019obstruction pour surmonter l&rsquo;impasse politique<\/span> &#8211; <span class=\"sp-nh-date\">dimanche 27 septembre 2020 20:01<\/span><\/p>\n<p><span class=\"sp-nh-title\">Khenchela-h\u00f4tellerie: la capacit\u00e9 d\u2019h\u00e9bergement port\u00e9e \u00e0 700 lits \u00e0 l\u2019horizon 2022<\/span> &#8211; <span class=\"sp-nh-date\">dimanche 27 septembre 2020 19:58<\/span><\/p>\n<p><span class=\"sp-nh-title\">Constantine: installations de trois nouveaux chefs de Da\u00efra dans leurs fonctions<\/span> &#8211; <span class=\"sp-nh-date\">dimanche 27 septembre 2020 19:52<\/span><\/p>\n<p><span class=\"sp-nh-title\">Le projet de la r\u00e9vision constitutionnelle, garantie pour la promotion de la femme<\/span> &#8211; <span class=\"sp-nh-date\">dimanche 27 septembre 2020 19:50<\/span><\/p>\n<p><span class=\"sp-nh-title\">Tindouf: l\u2019Etat entend renforcer l\u2019approvisionnement en eau par des Transferts Sud-Sud<\/span> &#8211; <span class=\"sp-nh-date\">dimanche 27 septembre 2020 19:39<\/span><\/p>\n<p><span class=\"sp-nh-title\">ANIE: la r\u00e9vision des listes \u00e9lectorales s&rsquo;est d\u00e9roul\u00e9e dans de bonnes conditions<\/span> &#8211; <span class=\"sp-nh-date\">dimanche 27 septembre 2020 19:37<\/span><\/p>\n<p><span class=\"sp-nh-title\">Trois expositions au menu de la rentr\u00e9e culturelle \u00e0 Tlemcen<\/span> &#8211; <span class=\"sp-nh-date\">dimanche 27 septembre 2020 19:20<\/span><\/p>\n<p><span class=\"sp-nh-title\">Adel Kansous install\u00e9 dans sa nouvelle fonction de PDG de l&rsquo;ANEP<\/span> &#8211; <span class=\"sp-nh-date\">dimanche 27 septembre 2020 19:18<\/span><\/p>\n<p><span class=\"sp-nh-title\">L\u2019exploitation artisanale de l\u2019or dans le Sud, une valeur ajout\u00e9e \u00e0 l\u2019\u00e9conomie<\/span> &#8211; <span class=\"sp-nh-date\">dimanche 27 septembre 2020 19:00<\/span><\/p>\n<p><span class=\"sp-nh-title\">Sahara occidental: mise en garde contre l&rsquo;escalade marocaine<\/span> &#8211; <span class=\"sp-nh-date\">dimanche 27 septembre 2020 18:45<\/span><\/p>\n<p><span class=\"sp-nh-title\">Le Pr\u00e9sident Tebboune re\u00e7oit les lettres de cr\u00e9ances de plusieurs ambassadeurs<\/span> &#8211; <span class=\"sp-nh-date\">dimanche 27 septembre 2020 18:38<\/span><\/p>\n<p><span class=\"sp-nh-title\">Guelma: l\u2019exp\u00e9rience de la culture de colza int\u00e9resse les agriculteurs<\/span> &#8211; <span class=\"sp-nh-date\">dimanche 27 septembre 2020 18:33<\/span><\/p>\n<p><span class=\"sp-nh-title\">D\u00e9gel prochain des projets du secteur de la jeunesse et des sports dans le Sud<\/span> &#8211; <span class=\"sp-nh-date\">dimanche 27 septembre 2020 18:29<\/span><\/p>\n<p><span class=\"sp-nh-title\">Le proc\u00e8s en appel de Ali Haddad report\u00e9 au 11 octobre<\/span> &#8211; <span class=\"sp-nh-date\">dimanche 27 septembre 2020 18:21<\/span><\/p>\n<p><span class=\"sp-nh-title\">Accidents de la route: 6 morts et 390 bless\u00e9s en une semaine<\/span> &#8211; <span class=\"sp-nh-date\">dimanche 27 septembre 2020 18:19<\/span><\/p>\n<p><span class=\"sp-nh-title\">L&rsquo;Alg\u00e9rie livre bataille&#8230;Novembre est de retour , une nouvelle publication du CN<\/span> &#8211; <span class=\"sp-nh-date\">dimanche 27 septembre 2020 18:06<\/span><\/p>\n<p><span class=\"sp-nh-title\">Les conducteurs appel\u00e9s \u00e0 effectuer le contr\u00f4le techniques des v\u00e9hicules<\/span> &#8211; <span class=\"sp-nh-date\">dimanche 27 septembre 2020 17:58<\/span><\/p>\n<p><span class=\"sp-nh-title\">Baadji: le FLN soutient le projet de r\u00e9vision de la Constitution<\/span> &#8211; <span class=\"sp-nh-date\">dimanche 27 septembre 2020 17:54<\/span><\/p>\n<p><span class=\"sp-nh-title\">Accidents de la circulation: 5 morts et 190 bless\u00e9s en 24 heures<\/span> &#8211; <span class=\"sp-nh-date\">dimanche 27 septembre 2020 17:53<\/span><\/p>\n<p>Auteur:<br \/>\n<a href=\"http:\/\/www.aps.dz\/sport\/110206-khaldi-degel-prochain-des-projets-du-secteur-de-la-jeunesse-et-des-sports-dans-le-sud?utm_source=feedburner&#038;utm_medium=feed&#038;utm_campaign=Feed%3A+aps-sport+%28APS+-+SPORT%29\">Cliquez ici pour lire l&rsquo;article depuis sa source.<\/a><\/p>\n","protected":false},"excerpt":{"rendered":"<p>La mise en conformit\u00e9 des produits artisanaux avec les exigences du march\u00e9 est essentielle &#8211; dimanche 27 septembre 2020 20:15 Liban: appels \u00e0 s\u2019attaquer aux raisons de l\u2019obstruction pour surmonter l&rsquo;impasse politique &#8211; dimanche 27 septembre 2020 20:01 Khenchela-h\u00f4tellerie: la capacit\u00e9 d\u2019h\u00e9bergement port\u00e9e \u00e0 700 lits \u00e0 l\u2019horizon 2022 &#8211; dimanche 27 septembre 2020 19:58 [&hellip;]<\/p>\n","protected":false},"author":1790,"featured_media":0,"comment_status":"closed","ping_status":"closed","sticky":false,"template":"","format":"standard","meta":{"fifu_image_url":"","fifu_image_alt":"","footnotes":""},"categories":[53,75],"tags":[],"class_list":["post-100111","post","type-post","status-publish","format-standard","hentry","category-algerie","category-sport"],"_links":{"self":[{"href":"https:\/\/linitiative.ca\/International\/wp-json\/wp\/v2\/posts\/100111","targetHints":{"allow":["GET"]}}],"collection":[{"href":"https:\/\/linitiative.ca\/International\/wp-json\/wp\/v2\/posts"}],"about":[{"href":"https:\/\/linitiative.ca\/International\/wp-json\/wp\/v2\/types\/post"}],"author":[{"embeddable":true,"href":"https:\/\/linitiative.ca\/International\/wp-json\/wp\/v2\/users\/1790"}],"replies":[{"embeddable":true,"href":"https:\/\/linitiative.ca\/International\/wp-json\/wp\/v2\/comments?post=100111"}],"version-history":[{"count":0,"href":"https:\/\/linitiative.ca\/International\/wp-json\/wp\/v2\/posts\/100111\/revisions"}],"wp:attachment":[{"href":"https:\/\/linitiative.ca\/International\/wp-json\/wp\/v2\/media?parent=100111"}],"wp:term":[{"taxonomy":"category","embeddable":true,"href":"https:\/\/linitiative.ca\/International\/wp-json\/wp\/v2\/categories?post=100111"},{"taxonomy":"post_tag","embeddable":true,"href":"https:\/\/linitiative.ca\/International\/wp-json\/wp\/v2\/tags?post=100111"}],"curies":[{"name":"wp","href":"https:\/\/api.w.org\/{rel}","templated":true}]}}