{"id":100112,"date":"2020-09-27T11:18:00","date_gmt":"2020-09-27T15:18:00","guid":{"rendered":"https:\/\/linitiative.ca\/International\/rentree-scolaires-le-ministere-de-leducation-devoile-ses-propositions\/"},"modified":"2020-09-27T11:18:00","modified_gmt":"2020-09-27T15:18:00","slug":"rentree-scolaires-le-ministere-de-leducation-devoile-ses-propositions","status":"publish","type":"post","link":"https:\/\/linitiative.ca\/International\/rentree-scolaires-le-ministere-de-leducation-devoile-ses-propositions\/","title":{"rendered":"RENTREE SCOLAIRES : Le minist\u00e8re de l\u2019\u00e9ducation d\u00e9voile ses propositions"},"content":{"rendered":"<p><br id=\"sep_para_1\" class=\"sep_para access\"\/><\/p>\n<div id=\"para_1\" class=\"para_38777772 resize\">\n<div class=\"texte access firstletter\">La rentr\u00e9e scolaire \u00e9tait, dimanche,\u00a0 l&rsquo;objet d&rsquo;une r\u00e9union de concertation entre le ministre de l&rsquo;Education et les syndicats, chacune des parties\u00a0 avan\u00e7ant ses propositions qui seront crois\u00e9es pour aboutir \u00e0 des sc\u00e9narii qui seront soumises au gouvernement qui doit fixer la date de la rentr\u00e9e.. Ainsi, le minist\u00e8re propose une semaine de cours de six jours, c&rsquo;est \u00e0 dire de samedi \u00e0 jeudi, avec des s\u00e9ances de cours de 45 minutes (comme pendant le mois de Ramadhan)\u00a0 pour des classes divis\u00e9es en deux groupes, l&rsquo;un le matin l&rsquo;autre le soir. Le minist\u00e8re est favorable \u00e0\u00a0 une approche diff\u00e9renti\u00e9es, suivant la situation \u00e9pid\u00e9miologique dans chaque r\u00e9gion et en fonction de ses moyens aussi. Une proposition que n&rsquo;agr\u00e9e pas M\u00e9ziane M\u00e9riane, pr\u00e9sident du SNAPESTE, partisan d&rsquo;une \u00ab\u00a0solution nationale\u00a0\u00bb et\u00a0 redoute l&rsquo;apparition d&rsquo;un \u00ab\u00a0d\u00e9s\u00e9quilibre\u00a0\u00bb entre r\u00e9gions concernant les volumes des enseignements, alors que les examens (Cinqui\u00e8me, BEM, Bac) sont nationaux, fait-il observer.\u00a0 S&rsquo;exprimant sur les ondes de la radio cha\u00eene 3, M\u00e9ziane M\u00e9riane est\u00a0 franchement\u00a0 favorable \u00e0 la double vacation des classes, divis\u00e9es en groupes, mais il pr\u00e9vient du risque\u00a0 potentiel du\u00a0 manque de salles de classes\u00a0 et de personnels et donc n\u00e9cessit\u00e9, selon lui d&rsquo;un nouveau recrutement. Le syndicaliste\u00a0 propose aussi la suppression provisoire des mati\u00e8res dites \u00ab\u00a0secondaires\u00a0\u00bb, le temps que durera la crise\u00a0 sanitaire pour permettre aux \u00e9l\u00e8ves\u00a0\u00a0 de se concentrer sur l&rsquo;essentiel\u00a0 des enseignements en fonction des fili\u00e8res. Quand \u00e0 Mme Djamila Khiar, pr\u00e9sidente de l&rsquo;Organisation nationale des parents d&rsquo;\u00e9l\u00e8ves, elle estime d&rsquo;abord que \u00ab\u00a0les cours doivent reprendre rapidement\u00a0\u00bb, proposant pour sa part \u00ab\u00a0la r\u00e9duction du volume horaire\u00a0 et l&rsquo;\u00e9limination des mati\u00e8res\u00a0 secondaires\u00a0\u00bb<\/div>\n<\/div>\n<p>Auteur: Ismain<br \/>\n<a href=\"https:\/\/www.reflexiondz.net\/RENTREE-SCOLAIRES-Le-ministere-de-l-education-devoile-ses-propositions_a65434.html\">Cliquez ici pour lire l&rsquo;article depuis sa source.<\/a><\/p>\n","protected":false},"excerpt":{"rendered":"<p>La rentr\u00e9e scolaire \u00e9tait, dimanche,\u00a0 l&rsquo;objet d&rsquo;une r\u00e9union de concertation entre le ministre de l&rsquo;Education et les syndicats, chacune des parties\u00a0 avan\u00e7ant ses propositions qui seront crois\u00e9es pour aboutir \u00e0 des sc\u00e9narii qui seront soumises au gouvernement qui doit fixer la date de la rentr\u00e9e.. Ainsi, le minist\u00e8re propose une semaine de cours de six [&hellip;]<\/p>\n","protected":false},"author":1740,"featured_media":0,"comment_status":"closed","ping_status":"closed","sticky":false,"template":"","format":"standard","meta":{"fifu_image_url":"","fifu_image_alt":"","footnotes":""},"categories":[53,76],"tags":[],"class_list":["post-100112","post","type-post","status-publish","format-standard","hentry","category-algerie","category-regions"],"_links":{"self":[{"href":"https:\/\/linitiative.ca\/International\/wp-json\/wp\/v2\/posts\/100112","targetHints":{"allow":["GET"]}}],"collection":[{"href":"https:\/\/linitiative.ca\/International\/wp-json\/wp\/v2\/posts"}],"about":[{"href":"https:\/\/linitiative.ca\/International\/wp-json\/wp\/v2\/types\/post"}],"author":[{"embeddable":true,"href":"https:\/\/linitiative.ca\/International\/wp-json\/wp\/v2\/users\/1740"}],"replies":[{"embeddable":true,"href":"https:\/\/linitiative.ca\/International\/wp-json\/wp\/v2\/comments?post=100112"}],"version-history":[{"count":0,"href":"https:\/\/linitiative.ca\/International\/wp-json\/wp\/v2\/posts\/100112\/revisions"}],"wp:attachment":[{"href":"https:\/\/linitiative.ca\/International\/wp-json\/wp\/v2\/media?parent=100112"}],"wp:term":[{"taxonomy":"category","embeddable":true,"href":"https:\/\/linitiative.ca\/International\/wp-json\/wp\/v2\/categories?post=100112"},{"taxonomy":"post_tag","embeddable":true,"href":"https:\/\/linitiative.ca\/International\/wp-json\/wp\/v2\/tags?post=100112"}],"curies":[{"name":"wp","href":"https:\/\/api.w.org\/{rel}","templated":true}]}}