{"id":100113,"date":"2020-09-27T11:18:00","date_gmt":"2020-09-27T15:18:00","guid":{"rendered":"https:\/\/linitiative.ca\/International\/el-oued-mise-en-exploitation-du-nouvel-hopital-mere-enfant-en-2021\/"},"modified":"2020-09-27T11:18:00","modified_gmt":"2020-09-27T15:18:00","slug":"el-oued-mise-en-exploitation-du-nouvel-hopital-mere-enfant-en-2021","status":"publish","type":"post","link":"https:\/\/linitiative.ca\/International\/el-oued-mise-en-exploitation-du-nouvel-hopital-mere-enfant-en-2021\/","title":{"rendered":"EL-OUED  : Mise en exploitation du nouvel h\u00f4pital M\u00e8re-Enfant en 2021"},"content":{"rendered":"<p><br id=\"sep_para_1\" class=\"sep_para access\"\/><\/p>\n<div id=\"para_1\" class=\"para_38777769 resize\">\n<div class=\"texte access firstletter\">Le nouvel Etablissement hospitalier sp\u00e9cialis\u00e9 EHS M\u00e8re-Enfant (140 lits) d&rsquo;El-Oued sera mis en exploitation au premier semestre 2021, ont r\u00e9v\u00e9l\u00e9 dimanche les services de la wilaya. Le projet, dont le chantier a d\u00e9marr\u00e9 en 2018, au titre de la strat\u00e9gie visant l&rsquo;am\u00e9lioration des prestations de sant\u00e9,\u00a0 est actuellement \u00e0 80% d&rsquo;avancement de ses travaux et devra \u00eatre r\u00e9ceptionn\u00e9 en mai prochain, a-t-on pr\u00e9cis\u00e9. Un financement de plus de 3 milliards DA, puis\u00e9 du Fonds de d\u00e9veloppement des r\u00e9gions du Sud, a \u00e9t\u00e9 mobilis\u00e9 pour l&rsquo;\u00e9tude et la r\u00e9alisation du projet pour lequel est \u00e9galement pr\u00e9vue une enveloppe de 810 millions DA destin\u00e9e aux \u00e9quipements m\u00e9dicochirurgicaux, a ajout\u00e9 la source. L&rsquo;Etablissement, appel\u00e9 \u00e0 mettre un terme au d\u00e9ficit accus\u00e9 en ce type d&rsquo;installations sp\u00e9cialis\u00e9es, offre une capacit\u00e9 de 140 lits, r\u00e9partis entre les services de maternit\u00e9 (80 lits) et de m\u00e9decine p\u00e9diatrique (60 lits), en plus de structures m\u00e9dicochirurgicales (salles de consultations, bloc op\u00e9ratoire, service de radiologie, laboratoire d&rsquo;analyses) et d&rsquo;un centre de formation. Le nouvel \u00e9tablissement remplacera l&rsquo;ancien EHS M\u00e8re-Enfant \u00ab\u00a0Bachir Bennacer\u00a0\u00bb, dont l&rsquo;expertise des services du Contr\u00f4le technique de la construction (CTC) avait conclu \u00e0 des risques de le maintenir en exploitation. L&rsquo;EHS M\u00e8re-Enfant \u00ab\u00a0Bachir Bennacer\u00a0\u00bb, qui date des ann\u00e9es 60 du si\u00e8cle dernier, avait enregistr\u00e9 derni\u00e8rement un incendie dans le service de m\u00e9decine n\u00e9onatale s&rsquo;\u00e9tant sold\u00e9 par des d\u00e9g\u00e2ts mat\u00e9riels, et un autre au m\u00eame service en mai 2018.\u00a0\u00a0\u00a0\u00a0\u00a0\u00a0\u00a0\u00a0\u00a0\u00a0\u00a0\u00a0\u00a0\u00a0\u00a0\u00a0\u00a0\u00a0\u00a0\u00a0\u00a0\u00a0\u00a0\u00a0<\/div>\n<\/div>\n<p>Auteur: Nadine<br \/>\n<a href=\"https:\/\/www.reflexiondz.net\/EL-OUED-Mise-en-exploitation-du-nouvel-hopital-Mere-Enfant-en-2021_a65433.html\">Cliquez ici pour lire l&rsquo;article depuis sa source.<\/a><\/p>\n","protected":false},"excerpt":{"rendered":"<p>Le nouvel Etablissement hospitalier sp\u00e9cialis\u00e9 EHS M\u00e8re-Enfant (140 lits) d&rsquo;El-Oued sera mis en exploitation au premier semestre 2021, ont r\u00e9v\u00e9l\u00e9 dimanche les services de la wilaya. Le projet, dont le chantier a d\u00e9marr\u00e9 en 2018, au titre de la strat\u00e9gie visant l&rsquo;am\u00e9lioration des prestations de sant\u00e9,\u00a0 est actuellement \u00e0 80% d&rsquo;avancement de ses travaux et [&hellip;]<\/p>\n","protected":false},"author":1740,"featured_media":0,"comment_status":"closed","ping_status":"closed","sticky":false,"template":"","format":"standard","meta":{"fifu_image_url":"","fifu_image_alt":"","footnotes":""},"categories":[53,76],"tags":[],"class_list":["post-100113","post","type-post","status-publish","format-standard","hentry","category-algerie","category-regions"],"_links":{"self":[{"href":"https:\/\/linitiative.ca\/International\/wp-json\/wp\/v2\/posts\/100113","targetHints":{"allow":["GET"]}}],"collection":[{"href":"https:\/\/linitiative.ca\/International\/wp-json\/wp\/v2\/posts"}],"about":[{"href":"https:\/\/linitiative.ca\/International\/wp-json\/wp\/v2\/types\/post"}],"author":[{"embeddable":true,"href":"https:\/\/linitiative.ca\/International\/wp-json\/wp\/v2\/users\/1740"}],"replies":[{"embeddable":true,"href":"https:\/\/linitiative.ca\/International\/wp-json\/wp\/v2\/comments?post=100113"}],"version-history":[{"count":0,"href":"https:\/\/linitiative.ca\/International\/wp-json\/wp\/v2\/posts\/100113\/revisions"}],"wp:attachment":[{"href":"https:\/\/linitiative.ca\/International\/wp-json\/wp\/v2\/media?parent=100113"}],"wp:term":[{"taxonomy":"category","embeddable":true,"href":"https:\/\/linitiative.ca\/International\/wp-json\/wp\/v2\/categories?post=100113"},{"taxonomy":"post_tag","embeddable":true,"href":"https:\/\/linitiative.ca\/International\/wp-json\/wp\/v2\/tags?post=100113"}],"curies":[{"name":"wp","href":"https:\/\/api.w.org\/{rel}","templated":true}]}}