{"id":100114,"date":"2020-09-27T11:18:00","date_gmt":"2020-09-27T15:18:00","guid":{"rendered":"https:\/\/linitiative.ca\/International\/tissemsilt-les-projets-des-zones-dombre-receptionnes-a-la-fin-de-lannee\/"},"modified":"2020-09-27T11:18:00","modified_gmt":"2020-09-27T15:18:00","slug":"tissemsilt-les-projets-des-zones-dombre-receptionnes-a-la-fin-de-lannee","status":"publish","type":"post","link":"https:\/\/linitiative.ca\/International\/tissemsilt-les-projets-des-zones-dombre-receptionnes-a-la-fin-de-lannee\/","title":{"rendered":"TISSEMSILT : Les projets des zones d\u2019ombre r\u00e9ceptionn\u00e9s \u00e0 la fin de l\u2019ann\u00e9e"},"content":{"rendered":"<p><br id=\"sep_para_1\" class=\"sep_para access\"\/><\/p>\n<div id=\"para_1\" class=\"para_38777744 resize\">\n<div class=\"texte access firstletter\">\u00a0Mr Abbes Badaoui wali de Tissemsilt a indiqu\u00e9 ce week-end lors de sa visite dans les communes de Bordj El-Emir Abdelkader et Youssoufia que les zones d&rsquo;ombre font d\u00e9sormais l&rsquo;objet d&rsquo;un suivi rigoureux afin d\u2019achever et r\u00e9ceptionner certains projets de la premi\u00e8re tranche avec la fin de l\u2019ann\u00e9e en cours. En effet, lors d\u2019un point de presse anim\u00e9 \u00e0 la fin de sa visite, le wali a r\u00e9affirm\u00e9 que les zones d&rsquo;ombre sont l&rsquo;une des priorit\u00e9s des hautes autorit\u00e9s du pays et par cons\u00e9quent, la priorit\u00e9 des responsables locaux et que tous les efforts seront consentis pour un d\u00e9veloppement local s\u00fbr et la prise en charge de ces localit\u00e9s. Le premier responsable de la wilaya avait pr\u00e9cis\u00e9 que certains projets qui ne sont vraiment pas consistants financi\u00e8rement et qui rev\u00eatent le caract\u00e8re de l\u2019urgence, ont toute l\u2019importance et qu\u2019ils seront suivis minutieusement afin de pouvoir faire b\u00e9n\u00e9ficier ces zones d\u2019ombre des bienfaits de certaines commodit\u00e9. Il a illustr\u00e9 certains secteurs, telle l\u2019eau potable, les cantines scolaires, l\u2019extension et l\u2019am\u00e9nagement de certaines \u00e9coles pour bien aborder la prochaine rentr\u00e9e scolaire, l\u2019\u00e9lectricit\u00e9\u2026etc. Le m\u00eame responsable a mentionn\u00e9 que ces projets ne demandent pas grand- choses pour leurs concr\u00e9tisations, il a tenu \u00e0 pr\u00e9ciser qu\u2019il suivra personnellement ces projets et ce au niveau de toutes les zones concern\u00e9es par le programme tout en insistant sur l\u2019acc\u00e9l\u00e9ration dans la cadence des travaux \u00e0 m\u00eame de travailler en double vacation, dans le but de les r\u00e9ceptionner au maximum avec la fin de l\u2019ann\u00e9e allant jusqu\u2019\u00e0 faire comprendre que cette affaire de prise en charge des besoins prioritaires des citoyens vivant dans ces zones d\u2019ombre est tr\u00e8s s\u00e9rieuse et qu\u2019il sera intransigeant avec les anciennes pratiques. En somme, le train est bel et bien sur les rails.\u00a0\u00a0\u00a0\u00a0\u00a0\u00a0<\/div>\n<\/div>\n<p>Auteur: A.Ould El Hadri<br \/>\n<a href=\"https:\/\/www.reflexiondz.net\/TISSEMSILT-Les-projets-des-zones-d-ombre-receptionnes-a-la-fin-de-l-annee_a65426.html\">Cliquez ici pour lire l&rsquo;article depuis sa source.<\/a><\/p>\n","protected":false},"excerpt":{"rendered":"<p>\u00a0Mr Abbes Badaoui wali de Tissemsilt a indiqu\u00e9 ce week-end lors de sa visite dans les communes de Bordj El-Emir Abdelkader et Youssoufia que les zones d&rsquo;ombre font d\u00e9sormais l&rsquo;objet d&rsquo;un suivi rigoureux afin d\u2019achever et r\u00e9ceptionner certains projets de la premi\u00e8re tranche avec la fin de l\u2019ann\u00e9e en cours. En effet, lors d\u2019un point [&hellip;]<\/p>\n","protected":false},"author":1740,"featured_media":0,"comment_status":"closed","ping_status":"closed","sticky":false,"template":"","format":"standard","meta":{"fifu_image_url":"","fifu_image_alt":"","footnotes":""},"categories":[53,76],"tags":[],"class_list":["post-100114","post","type-post","status-publish","format-standard","hentry","category-algerie","category-regions"],"_links":{"self":[{"href":"https:\/\/linitiative.ca\/International\/wp-json\/wp\/v2\/posts\/100114","targetHints":{"allow":["GET"]}}],"collection":[{"href":"https:\/\/linitiative.ca\/International\/wp-json\/wp\/v2\/posts"}],"about":[{"href":"https:\/\/linitiative.ca\/International\/wp-json\/wp\/v2\/types\/post"}],"author":[{"embeddable":true,"href":"https:\/\/linitiative.ca\/International\/wp-json\/wp\/v2\/users\/1740"}],"replies":[{"embeddable":true,"href":"https:\/\/linitiative.ca\/International\/wp-json\/wp\/v2\/comments?post=100114"}],"version-history":[{"count":0,"href":"https:\/\/linitiative.ca\/International\/wp-json\/wp\/v2\/posts\/100114\/revisions"}],"wp:attachment":[{"href":"https:\/\/linitiative.ca\/International\/wp-json\/wp\/v2\/media?parent=100114"}],"wp:term":[{"taxonomy":"category","embeddable":true,"href":"https:\/\/linitiative.ca\/International\/wp-json\/wp\/v2\/categories?post=100114"},{"taxonomy":"post_tag","embeddable":true,"href":"https:\/\/linitiative.ca\/International\/wp-json\/wp\/v2\/tags?post=100114"}],"curies":[{"name":"wp","href":"https:\/\/api.w.org\/{rel}","templated":true}]}}