{"id":100116,"date":"2020-09-27T11:18:00","date_gmt":"2020-09-27T15:18:00","guid":{"rendered":"https:\/\/linitiative.ca\/International\/le-msp-decide-de-voter-non-a-la-revision-constitutionnelle\/"},"modified":"2020-09-27T11:18:00","modified_gmt":"2020-09-27T15:18:00","slug":"le-msp-decide-de-voter-non-a-la-revision-constitutionnelle","status":"publish","type":"post","link":"https:\/\/linitiative.ca\/International\/le-msp-decide-de-voter-non-a-la-revision-constitutionnelle\/","title":{"rendered":"Le MSP d\u00e9cide de voter \u00ab\u00a0Non\u00a0\u00bb \u00e0 la r\u00e9vision constitutionnelle"},"content":{"rendered":"<p><br id=\"sep_para_1\" class=\"sep_para access\"\/><\/p>\n<div id=\"para_1\" class=\"para_38777812 resize\">\n<div class=\"texte access firstletter\">Le parti MSP, dirig\u00e9 par Abderrezak Makri, r\u00e9unissant son Madjliss Echoura, a d\u00e9cid\u00e9 de voter \u00ab\u00a0Non\u00a0\u00bb, lors du prochain r\u00e9f\u00e9rendum sur la r\u00e9vision constitutionnelle, selon un communiqu\u00e9 rendu public samedi, au terme des travaux. Le communiqu\u00e9 pr\u00e9cise aussi que le parti appellera ses militants \u00e0 participer au r\u00e9f\u00e9rendum, mais\u00a0 avec la consigne de voter contre le projet du pr\u00e9sident de la R\u00e9publique. Pour rappel, le MSP, qui a particip\u00e9 au d\u00e9bat par des propositions remises \u00e0 la pr\u00e9sidence, a boycott\u00e9 le vote du projet \u00e0 l&rsquo;APN, la semaine derni\u00e8re, pour protester contre la d\u00e9cision des autorit\u00e9s de court-circuiter le d\u00e9bat en pl\u00e9ni\u00e8re.<\/div>\n<\/div>\n<p>Auteur: R\u00e9flexion<br \/>\n<a href=\"https:\/\/www.reflexiondz.net\/Le-MSP-decide-de-voter-Non-a-la-revision-constitutionnelle_a65442.html\">Cliquez ici pour lire l&rsquo;article depuis sa source.<\/a><\/p>\n","protected":false},"excerpt":{"rendered":"<p>Le parti MSP, dirig\u00e9 par Abderrezak Makri, r\u00e9unissant son Madjliss Echoura, a d\u00e9cid\u00e9 de voter \u00ab\u00a0Non\u00a0\u00bb, lors du prochain r\u00e9f\u00e9rendum sur la r\u00e9vision constitutionnelle, selon un communiqu\u00e9 rendu public samedi, au terme des travaux. Le communiqu\u00e9 pr\u00e9cise aussi que le parti appellera ses militants \u00e0 participer au r\u00e9f\u00e9rendum, mais\u00a0 avec la consigne de voter contre [&hellip;]<\/p>\n","protected":false},"author":1740,"featured_media":0,"comment_status":"closed","ping_status":"closed","sticky":false,"template":"","format":"standard","meta":{"fifu_image_url":"","fifu_image_alt":"","footnotes":""},"categories":[53,76],"tags":[],"class_list":["post-100116","post","type-post","status-publish","format-standard","hentry","category-algerie","category-regions"],"_links":{"self":[{"href":"https:\/\/linitiative.ca\/International\/wp-json\/wp\/v2\/posts\/100116","targetHints":{"allow":["GET"]}}],"collection":[{"href":"https:\/\/linitiative.ca\/International\/wp-json\/wp\/v2\/posts"}],"about":[{"href":"https:\/\/linitiative.ca\/International\/wp-json\/wp\/v2\/types\/post"}],"author":[{"embeddable":true,"href":"https:\/\/linitiative.ca\/International\/wp-json\/wp\/v2\/users\/1740"}],"replies":[{"embeddable":true,"href":"https:\/\/linitiative.ca\/International\/wp-json\/wp\/v2\/comments?post=100116"}],"version-history":[{"count":0,"href":"https:\/\/linitiative.ca\/International\/wp-json\/wp\/v2\/posts\/100116\/revisions"}],"wp:attachment":[{"href":"https:\/\/linitiative.ca\/International\/wp-json\/wp\/v2\/media?parent=100116"}],"wp:term":[{"taxonomy":"category","embeddable":true,"href":"https:\/\/linitiative.ca\/International\/wp-json\/wp\/v2\/categories?post=100116"},{"taxonomy":"post_tag","embeddable":true,"href":"https:\/\/linitiative.ca\/International\/wp-json\/wp\/v2\/tags?post=100116"}],"curies":[{"name":"wp","href":"https:\/\/api.w.org\/{rel}","templated":true}]}}