{"id":100117,"date":"2020-09-27T09:05:00","date_gmt":"2020-09-27T13:05:00","guid":{"rendered":"https:\/\/linitiative.ca\/International\/hommage-moncef-chelli-et-la-belle-aventure-de-mindhar\/"},"modified":"2020-09-27T09:05:00","modified_gmt":"2020-09-27T13:05:00","slug":"hommage-moncef-chelli-et-la-belle-aventure-de-mindhar","status":"publish","type":"post","link":"https:\/\/linitiative.ca\/International\/hommage-moncef-chelli-et-la-belle-aventure-de-mindhar\/","title":{"rendered":"Hommage  : Moncef Chelli et la belle aventure de Mindhar"},"content":{"rendered":"<p>Apr\u00e8s s&rsquo;\u00eatre attaqu\u00e9e aux pionniers du JPF, voil\u00e0 que la Grande faucheuse a jet\u00e9 son d\u00e9volu sur la g\u00e9n\u00e9ration des septuag\u00e9naires. Sa derni\u00e8re victime en date, notre confr\u00e8re, Moncef Chelli.<\/p>\n<p>Il fut l&rsquo;un des premiers journalistes tunisiens d&rsquo;investigation en lan\u00e7ant dans les ann\u00e9es 2000 une \u00e9mission hebdomadaire El Mindhar sur la cha\u00eene nationale. Le succ\u00e8s fut imm\u00e9diat. Les t\u00e9l\u00e9spectateurs avait \u00e9t\u00e9 s\u00e9duits tr\u00e8s vite par son ton libre, ses sujets audacieux, iconoclastes qui d\u00e9tonnaient dans le paysage audiovisuel tunisien, transgressant ainsi le politiquement correct alors en vigueur. Cela nous a valu de grands moments t\u00e9l\u00e9vision chaque lundi (si mes souvenirs sont bons).<\/p>\n<p>Il faut se mettre dans le contexte de l\u2019\u00e9poque. Les journalistes devaient \u00e9viter les d\u00e9bats politiques, les sujets qui risquaient de d\u00e9moraliser les Tunisiens, et m\u00eame les accidents de la voie publique et les faits divers. On tenait \u00e0 accr\u00e9diter l&rsquo;image d&rsquo;Epinal d&rsquo;une Tunisie paisible et sans probl\u00e8mes, malgr\u00e9 un environnement instable, notamment la mont\u00e9e de l&rsquo;islamisme. Moncef Chelli a eu l&rsquo;audace d&rsquo;\u00e9voquer des probl\u00e8mes de soci\u00e9t\u00e9 que personne n&rsquo;osait traiter comme l&rsquo;usage de la drogue dans dans le milieu scolaire, le scandale du sang contamin\u00e9 qui toucha de nombreux pays y compris la Tunisie, l&rsquo;hygi\u00e8ne dans les restaurants hupp\u00e9s de Tunis.<\/p>\n<p>Je l&rsquo;ai perdu de vue depuis une vingtaine d&rsquo;ann\u00e9es mais je garde de lui le souvenir d&rsquo;un homme d&rsquo;un commerce agr\u00e9able, dot\u00e9 d&rsquo;un grand sens de l&rsquo;humour et surtout d&rsquo;un journaliste talentueux.<\/p>\n<p class=\"c2\"><strong>H\u00e9di B\u00e9hi<\/strong><\/p>\n<p>Auteur:<br \/>\n<a href=\"https:\/\/www.leaders.com.tn\/article\/30642-hommage-moncef-chelli-et-la-grande-aventure-de-mindhar\">Cliquez ici pour lire l&rsquo;article depuis sa source.<\/a><\/p>\n","protected":false},"excerpt":{"rendered":"<p>Apr\u00e8s s&rsquo;\u00eatre attaqu\u00e9e aux pionniers du JPF, voil\u00e0 que la Grande faucheuse a jet\u00e9 son d\u00e9volu sur la g\u00e9n\u00e9ration des septuag\u00e9naires. Sa derni\u00e8re victime en date, notre confr\u00e8re, Moncef Chelli. Il fut l&rsquo;un des premiers journalistes tunisiens d&rsquo;investigation en lan\u00e7ant dans les ann\u00e9es 2000 une \u00e9mission hebdomadaire El Mindhar sur la cha\u00eene nationale. Le succ\u00e8s [&hellip;]<\/p>\n","protected":false},"author":1772,"featured_media":0,"comment_status":"closed","ping_status":"closed","sticky":false,"template":"","format":"standard","meta":{"fifu_image_url":"","fifu_image_alt":"","footnotes":""},"categories":[73,55],"tags":[],"class_list":["post-100117","post","type-post","status-publish","format-standard","hentry","category-actualite","category-tunisie"],"_links":{"self":[{"href":"https:\/\/linitiative.ca\/International\/wp-json\/wp\/v2\/posts\/100117","targetHints":{"allow":["GET"]}}],"collection":[{"href":"https:\/\/linitiative.ca\/International\/wp-json\/wp\/v2\/posts"}],"about":[{"href":"https:\/\/linitiative.ca\/International\/wp-json\/wp\/v2\/types\/post"}],"author":[{"embeddable":true,"href":"https:\/\/linitiative.ca\/International\/wp-json\/wp\/v2\/users\/1772"}],"replies":[{"embeddable":true,"href":"https:\/\/linitiative.ca\/International\/wp-json\/wp\/v2\/comments?post=100117"}],"version-history":[{"count":0,"href":"https:\/\/linitiative.ca\/International\/wp-json\/wp\/v2\/posts\/100117\/revisions"}],"wp:attachment":[{"href":"https:\/\/linitiative.ca\/International\/wp-json\/wp\/v2\/media?parent=100117"}],"wp:term":[{"taxonomy":"category","embeddable":true,"href":"https:\/\/linitiative.ca\/International\/wp-json\/wp\/v2\/categories?post=100117"},{"taxonomy":"post_tag","embeddable":true,"href":"https:\/\/linitiative.ca\/International\/wp-json\/wp\/v2\/tags?post=100117"}],"curies":[{"name":"wp","href":"https:\/\/api.w.org\/{rel}","templated":true}]}}