{"id":100119,"date":"2020-09-27T11:15:00","date_gmt":"2020-09-27T15:15:00","guid":{"rendered":"https:\/\/linitiative.ca\/International\/mokhtar-el-khlifi-depassons-ensemble-la-crise-politique\/"},"modified":"2020-09-27T11:15:00","modified_gmt":"2020-09-27T15:15:00","slug":"mokhtar-el-khlifi-depassons-ensemble-la-crise-politique","status":"publish","type":"post","link":"https:\/\/linitiative.ca\/International\/mokhtar-el-khlifi-depassons-ensemble-la-crise-politique\/","title":{"rendered":"Mokhtar el khlifi: D\u00e9passons ensemble la crise politique"},"content":{"rendered":"<p>Tout le monde sait que notre pays a mal partout et qu\u2019il va falloir lui venir en aide de toute urgence, chacun en mettant un peu du sien.<\/p>\n<p>Nos dirigeants et nos politiciens le\u00a0 disent aussi, mais rien, ou presque rien, de concret ne se fait et nous sommes en train de perdre un temps fou et allons droit \u00e0 notre perte.<\/p>\n<p>Certains m\u00eame, au lieu de d\u00e9passer leurs \u00e9gos, voire leur misogynie, s\u2019att\u00e8lent \u00e0 constituer un parti politique de plus, au lieu d\u2019\u0153uvrer pour des regroupements devenus plus que n\u00e9cessaires.<\/p>\n<p>Ne perdons pas de vue aussi les combinaisons qui sont en train de se faire au parlement \u00e0 des fins obscures ou\u00a0 au moins d\u2019exclusion de l\u2019autre.\u00a0<\/p>\n<p>Avant que le navire, apparemment sans v\u00e9ritable capitaine ni boussole , ne chavire, emportant tout \u00e0 son bord, il va falloir, se r\u00e9duire enfin, \u00e0 exercer, pacifiquement, j\u2019entends, une pression sur ceux qui sont aux commandes, pour qu\u2019ils redressent la barre.<\/p>\n<p>Notre Pr\u00e9sident a os\u00e9, pour des raisons obscures, humilier publiquement son chef de Gouvernement. Un pav\u00e9 suppl\u00e9mentaire dans la mare. C\u2019\u00e9tait p\u00e9nible \u00e0 voir.<\/p>\n<p>Sous d\u2019autres cieux et en d\u2019autres circonstances, ce chef de Gouvernement aurait imm\u00e9diatement d\u00e9missionn\u00e9, mais je crois que le sens de la responsabilit\u00e9 l\u2019a emport\u00e9, car les cons\u00e9quences de cette d\u00e9mission aurait aggrav\u00e9 la situation du pays et l\u2019aurait mis\u00a0 bien au milieu de la temp\u00eate.<\/p>\n<p>C\u2019est pourquoi, il y aurait lieu, \u00e0 mon sens, de soutenir ce Chef de Gouvernement, nonobstant les reproches qu\u2019on pourrait faire \u00e0 la composition de son \u00e9quipe et lui donner tout le temps pour r\u00e9gler les probl\u00e8mes urgents puis engager les grandes r\u00e9formes tant attendues.<\/p>\n<p>Oui, le pays a besoin de stabilit\u00e9 et de l\u2019union de tous les efforts.<\/p>\n<p>Ce soutien qui lui manque cruellement,\u00a0 doit \u00e9maner, surtout de la rue, je veux dire de la soci\u00e9t\u00e9 civile qui est rest\u00e9e jusqu\u2019ici passive en laissant la situation se d\u00e9grader sans r\u00e9agir.<\/p>\n<p>De grands noms ont publi\u00e9, ces jours-ci, leurs opinions sur la crise entre le Pr\u00e9sident et le Chef de Gouvernement.<\/p>\n<p>D\u2019autres comme de coutume ont pr\u00e9f\u00e9r\u00e9 se taire ou attendre le bon moment.<\/p>\n<p>Je crois que le moment est venu pour que notre \u00e9lite avec tout ce que cela comporte de patriotes sinc\u00e8res, quelle que soit leurs orientations politiques et id\u00e9ologiques, se mettent \u00e0 la t\u00eate d\u2019une manifestation grandiose d\u2019appui \u00e0 ce Gouvernement\u00a0 et de coh\u00e9sion de l\u2019ensemble de l\u2019ex\u00e9cutif.<\/p>\n<p>Mais Il sera notamment demand\u00e9 de :<\/p>\n<p class=\"c3\"><span class=\"c2\"><strong>\u2022<\/strong><\/span> Mettre rapidement sur pied une commission compos\u00e9e d\u2019experts en \u00e9conomie et en finances et de professionnels, \u00e0 l\u2019effet\u00a0 d\u2019aider le Gouvernement \u00e0 tracer la politique \u00e9conomique, financi\u00e8re et fiscale \u00e0 suivre et le timing \u00e0 respecter,<\/p>\n<p class=\"c3\"><span class=\"c2\"><strong>\u2022<\/strong><\/span> Confier \u00e0 un groupe de nos constitutionnalistes, le soin de\u00a0 pr\u00e9parer un projet de loi visant \u00e0 \u00ab r\u00e9viser la loi \u00e9lectorale \u2026de mani\u00e8re \u00e0 assurer une repr\u00e9sentation claire et coh\u00e9rente des \u00e9lecteurs, \u00e0 la place de cette mosa\u00efque de partis avec leurs coalitions r\u00e9versibles, inconstantes et finalement impuissantes et inefficaces . \u00bb<\/p>\n<p class=\"c3\"><span class=\"c2\"><strong>\u2022<\/strong><\/span> Am\u00e9nager la constitution pour pr\u00e9venir les conflits entre le Pr\u00e9sident de la R\u00e9publique et le Chef de Gouvernement. Selon Mr Yadh Ben Achour \u00ab\u2026\u00a0\u00a0 Ayant en vue un r\u00e9gime parlementaire, la constituante a mis sur pied un r\u00e9gime hybride et complexe qui se rapproche du r\u00e9gime d\u2019assembl\u00e9e, entre tous le plus dangereux\u2026\u2026 Nous avons agi comme si nous avions une riche exp\u00e9rience parlementaire, avec des partis disciplin\u00e9s, des acteurs form\u00e9s \u00e0 la culture des institutions, un Etat riche, stable et disposant d\u2019une autorit\u00e9 r\u00e9galienne suffisante\u2026.il faudrait, par une r\u00e9vision du chapitre 4 de la Constitution, tout d\u2019abord r\u00e9tablir l\u2019unit\u00e9 de l\u2019ex\u00e9cutif, soit au profit du pr\u00e9sident de la R\u00e9publique, soit au profit du chef du gouvernement\u2026 Il faudrait ensuite revoir la relation entre l\u2019ex\u00e9cutif et le parlement\u2026 Dans ce cas, nous aurions le choix entre une s\u00e9paration plus ou moins accentu\u00e9e entre le parlement et l\u2019ex\u00e9cutif, ce qui nous ram\u00e8nerait \u00e0 la logique du r\u00e9gime pr\u00e9sidentiel, et un mod\u00e8le de collaboration ou d\u2019associations entre les deux pouvoirs, ce qui nous ram\u00e8nerait \u00e0 la logique du r\u00e9gime parlementaire &#8230;&#8230; \u00bb<\/p>\n<p class=\"c3\"><span class=\"c2\"><strong>\u2022<\/strong><\/span> Proposer un projet de loi relative \u00e0 la poursuite de la \u00ab justice transitionnelle \u00bb mal enclench\u00e9e er arr\u00eat\u00e9e en cours de route, pour liquider les dossiers en suspens\u00a0 et dont les travaux\u00a0 devront d\u00e9boucher sur une v\u00e9ritable r\u00e9conciliation nationale.<\/p>\n<p>Le recours \u00e0 la pression de la rue est, je crois, la seule voie pacifique pour amener nos dirigeants et nos politiciens \u00e0\u00a0 s\u2019apercevoir qu\u2019ils n\u2019ont pas un troupeau de moutons, mais\u00a0 des t\u00eates pensantes\u00a0 dont la patience est \u00e0 bout et qui les\u00a0 poussent \u00e0 s\u2019occuper\u00a0 bien s\u00e9rieusement des multiples et v\u00e9ritables probl\u00e8mes qui se posent, avec acuit\u00e9, au pays.<\/p>\n<p>Il demeure entendu que cette manifestation pacifique devra \u00eatre bien encadr\u00e9e pour \u00e9viter tout d\u00e9bordement et les actions des p\u00eacheurs en eau trouble.<\/p>\n<p>Il faut se rendre \u00e0 l\u2019\u00e9vidence que les articles de presse, les d\u00e9bats t\u00e9l\u00e9vis\u00e9s et les commentaires sur FB ne sont pas lus ou entendus depuis dix ans et ne sont donc pas pris en consid\u00e9ration\u00a0 tant et si bien que les am\u00e9liorations auxquelles le pays est en droit de s\u2019attendre ne sont pas r\u00e9alis\u00e9es ou restent dans les tiroirs.<\/p>\n<p>Apr\u00e8s dix ann\u00e9es de d\u00e9ficit de gouvernance le peuple en a\u00a0 vraiment ras le bol et son \u00e9lite se doit de se manifester pacifiquement.<\/p>\n<p class=\"c4\"><strong>Mokhtar el khlifi<\/strong><br \/>\u00a0<\/p>\n<p>Auteur:<br \/>\n<a href=\"https:\/\/www.leaders.com.tn\/article\/30644-mokhtar-el-khlifi-depassons-ensemble-la-crise-politique\">Cliquez ici pour lire l&rsquo;article depuis sa source.<\/a><\/p>\n","protected":false},"excerpt":{"rendered":"<p>Tout le monde sait que notre pays a mal partout et qu\u2019il va falloir lui venir en aide de toute urgence, chacun en mettant un peu du sien. Nos dirigeants et nos politiciens le\u00a0 disent aussi, mais rien, ou presque rien, de concret ne se fait et nous sommes en train de perdre un temps [&hellip;]<\/p>\n","protected":false},"author":1772,"featured_media":0,"comment_status":"closed","ping_status":"closed","sticky":false,"template":"","format":"standard","meta":{"fifu_image_url":"","fifu_image_alt":"","footnotes":""},"categories":[73,55],"tags":[],"class_list":["post-100119","post","type-post","status-publish","format-standard","hentry","category-actualite","category-tunisie"],"_links":{"self":[{"href":"https:\/\/linitiative.ca\/International\/wp-json\/wp\/v2\/posts\/100119","targetHints":{"allow":["GET"]}}],"collection":[{"href":"https:\/\/linitiative.ca\/International\/wp-json\/wp\/v2\/posts"}],"about":[{"href":"https:\/\/linitiative.ca\/International\/wp-json\/wp\/v2\/types\/post"}],"author":[{"embeddable":true,"href":"https:\/\/linitiative.ca\/International\/wp-json\/wp\/v2\/users\/1772"}],"replies":[{"embeddable":true,"href":"https:\/\/linitiative.ca\/International\/wp-json\/wp\/v2\/comments?post=100119"}],"version-history":[{"count":0,"href":"https:\/\/linitiative.ca\/International\/wp-json\/wp\/v2\/posts\/100119\/revisions"}],"wp:attachment":[{"href":"https:\/\/linitiative.ca\/International\/wp-json\/wp\/v2\/media?parent=100119"}],"wp:term":[{"taxonomy":"category","embeddable":true,"href":"https:\/\/linitiative.ca\/International\/wp-json\/wp\/v2\/categories?post=100119"},{"taxonomy":"post_tag","embeddable":true,"href":"https:\/\/linitiative.ca\/International\/wp-json\/wp\/v2\/tags?post=100119"}],"curies":[{"name":"wp","href":"https:\/\/api.w.org\/{rel}","templated":true}]}}