{"id":100122,"date":"2020-09-27T07:43:44","date_gmt":"2020-09-27T11:43:44","guid":{"rendered":"https:\/\/linitiative.ca\/International\/centre-dimmatriculation-de-marrakech-tous-les-rendez-vous-fixes-precedemment-sont-annules\/"},"modified":"2020-09-27T07:43:44","modified_gmt":"2020-09-27T11:43:44","slug":"centre-dimmatriculation-de-marrakech-tous-les-rendez-vous-fixes-precedemment-sont-annules","status":"publish","type":"post","link":"https:\/\/linitiative.ca\/International\/centre-dimmatriculation-de-marrakech-tous-les-rendez-vous-fixes-precedemment-sont-annules\/","title":{"rendered":"Centre d\u2019immatriculation de Marrakech : tous les rendez-vous fix\u00e9s pr\u00e9c\u00e9demment sont annul\u00e9s"},"content":{"rendered":"<p><strong>L\u2019Agence nationale pour la s\u00e9curit\u00e9 routi\u00e8re (NARSA) vient d\u2019annoncer que tous les rendez-vous fix\u00e9s pr\u00e9c\u00e9demment au centre d\u2019immatriculation de Marrakech ont \u00e9t\u00e9 annul\u00e9s. Aussi, elle invite les usagers \u00e0 prendre de nouveaux rendez-vous \u00e0 partir de mardi.<\/strong><\/p>\n<div class=\"c10\"\/>\n<p>Depuis jeudi 24 septembre, le Centre d\u2019immatriculation de Marrakech avait suspendu ses services jusqu\u2019\u00e0 nouvel ordre. Ce dimanche 27 septembre, l\u2019Agence nationale pour la s\u00e9curit\u00e9 routi\u00e8re (NARSA) a annonc\u00e9 que tous les rendez-vous fix\u00e9s pr\u00e9c\u00e9demment dans ce Centre ont \u00e9t\u00e9 annul\u00e9s. Du coup, elle invite les usagers \u00e0 prendre de nouveaux rendez-vous \u00e0 distance via le portail \u00e9lectronique \u00ab\u00a0NARSA KHADAMAT\u00a0\u00bb, \u00e0 partir de mardi 29 septembre.<\/p>\n<p><strong>Lire aussi|<a href=\"https:\/\/www.challenge.ma\/aeronautique-cinq-nouvelles-ouvertures-dusines-dici-fin-2020-158575\/\">A\u00e9ronautique : cinq nouvelles ouvertures d\u2019usines d\u2019ici fin 2020<\/a><\/strong><\/p>\n<p>\u00ab\u00a0Cette nouvelle proc\u00e9dure s\u2019inscrit dans le cadre du renforcement des mesures pr\u00e9ventives visant \u00e0 faire face \u00e0 la propagation du nouveau Coronavirus (Covid-19) prises par les autorit\u00e9s locales, tout en assurant la continuit\u00e9 de ce service public et la prestation de services de qualit\u00e9 au profit de ses usagers\u00a0\u00bb, indique l\u2019Agence dans un communiqu\u00e9. Pour rappel, la d\u00e9cision de NARSA, de suspendre le travail au niveau du centre d\u2019immatriculation de Marrakech a \u00e9t\u00e9 prise \u00ab\u00a0pour pr\u00e9server la sant\u00e9 et la s\u00e9curit\u00e9 des citoyens et des employ\u00e9s, mais aussi g\u00e9rer la prochaine \u00e9tape dans les meilleures conditions\u00a0\u00bb.<\/p>\n<p><strong>Lire aussi|<a href=\"https:\/\/www.challenge.ma\/covid-19-un-scenario-probable-de-croissance-a-4-au-maroc-des-la-reprise-mondiale-158463\/\">Covid-19 : un sc\u00e9nario probable de croissance \u00e0 4% au Maroc d\u00e8s la reprise mondiale<\/a><\/strong><\/p>\n<p>Auteur: challenge<br \/>\n<a href=\"https:\/\/www.challenge.ma\/centre-dimmatriculation-de-marrakech-tous-les-rendez-vous-fixes-precedemment-sont-annules-158581\/\">Cliquez ici pour lire l&rsquo;article depuis sa source.<\/a><\/p>\n","protected":false},"excerpt":{"rendered":"<p>L\u2019Agence nationale pour la s\u00e9curit\u00e9 routi\u00e8re (NARSA) vient d\u2019annoncer que tous les rendez-vous fix\u00e9s pr\u00e9c\u00e9demment au centre d\u2019immatriculation de Marrakech ont \u00e9t\u00e9 annul\u00e9s. Aussi, elle invite les usagers \u00e0 prendre de nouveaux rendez-vous \u00e0 partir de mardi. Depuis jeudi 24 septembre, le Centre d\u2019immatriculation de Marrakech avait suspendu ses services jusqu\u2019\u00e0 nouvel ordre. Ce dimanche [&hellip;]<\/p>\n","protected":false},"author":1787,"featured_media":0,"comment_status":"closed","ping_status":"closed","sticky":false,"template":"","format":"standard","meta":{"fifu_image_url":"","fifu_image_alt":"","footnotes":""},"categories":[78,54],"tags":[],"class_list":["post-100122","post","type-post","status-publish","format-standard","hentry","category-economie","category-maroc"],"_links":{"self":[{"href":"https:\/\/linitiative.ca\/International\/wp-json\/wp\/v2\/posts\/100122","targetHints":{"allow":["GET"]}}],"collection":[{"href":"https:\/\/linitiative.ca\/International\/wp-json\/wp\/v2\/posts"}],"about":[{"href":"https:\/\/linitiative.ca\/International\/wp-json\/wp\/v2\/types\/post"}],"author":[{"embeddable":true,"href":"https:\/\/linitiative.ca\/International\/wp-json\/wp\/v2\/users\/1787"}],"replies":[{"embeddable":true,"href":"https:\/\/linitiative.ca\/International\/wp-json\/wp\/v2\/comments?post=100122"}],"version-history":[{"count":0,"href":"https:\/\/linitiative.ca\/International\/wp-json\/wp\/v2\/posts\/100122\/revisions"}],"wp:attachment":[{"href":"https:\/\/linitiative.ca\/International\/wp-json\/wp\/v2\/media?parent=100122"}],"wp:term":[{"taxonomy":"category","embeddable":true,"href":"https:\/\/linitiative.ca\/International\/wp-json\/wp\/v2\/categories?post=100122"},{"taxonomy":"post_tag","embeddable":true,"href":"https:\/\/linitiative.ca\/International\/wp-json\/wp\/v2\/tags?post=100122"}],"curies":[{"name":"wp","href":"https:\/\/api.w.org\/{rel}","templated":true}]}}