{"id":100143,"date":"2020-09-27T11:18:08","date_gmt":"2020-09-27T15:18:08","guid":{"rendered":"https:\/\/linitiative.ca\/International\/presidentielle-ivoirienne-ouattara-promet-la-vigilance-et-la-fermete-face-aux-fake-news\/"},"modified":"2020-09-27T11:18:08","modified_gmt":"2020-09-27T15:18:08","slug":"presidentielle-ivoirienne-ouattara-promet-la-vigilance-et-la-fermete-face-aux-fake-news","status":"publish","type":"post","link":"https:\/\/linitiative.ca\/International\/presidentielle-ivoirienne-ouattara-promet-la-vigilance-et-la-fermete-face-aux-fake-news\/","title":{"rendered":"Pr\u00e9sidentielle ivoirienne : Ouattara promet la vigilance et la fermet\u00e9 face aux fake news"},"content":{"rendered":"<div readability=\"32\">\n<p>Publi\u00e9 le 27.09.2020 \u00e0 16h18 par APA News<\/p>\n<\/div>\n<div readability=\"58\">\n<p>Le chef de l\u2019Etat ivoirien Alassane Ouattara a promis, samedi, \u00e0 Bouafl\u00e9 dans le Centre-Ouest du pays la vigilance et la fermet\u00e9 face aux fake news (fausses informations) qui pullulent en C\u00f4te d\u2019Ivoire o\u00f9 une \u00e9lection pr\u00e9sidentielle est pr\u00e9vue le 31 octobre 2020.\u00ab Les d\u00e9marches sont en cours. Il faut travailler avec facebook, avec tweeter, avec l\u2019international. Il y a des \u00a0gens qui s\u2019adonnent \u00e0 des fake news. Nous finirons par les attraper\u00bb, a averti M. Ouattara qui s\u2019exprimait dans une conf\u00e9rence de presse qui a cl\u00f4tur\u00e9 sa visite d\u2019\u00c9tat dans la r\u00e9gion de la Marahou\u00e9, dans le centre-ouest du pays.<\/p>\n<p>\u00a0Selon M. Ouattara, plusieurs personnes, d\u00e9j\u00e0 interpell\u00e9es pour diffusion de fausses informations sur les r\u00e9seaux sociaux ont dit \u00eatre \u00e0 la solde de l\u2019opposition ivoirienne. \u00ab Nous \u00a0serons tr\u00e8s vigilants et nous serons tr\u00e8s fermes contre les fake news\u00bb, a assur\u00e9 le pr\u00e9sident ivoirien.<\/p>\n<p>Les fake news, surtout en lien avec le processus \u00e9lectoral, \u00a0pullulent sur les r\u00e9seaux sociaux ces derniers temps en C\u00f4te d\u2019Ivoire. Il y a quelques jours, une fausse information sur une pr\u00e9tendue chute du pr\u00e9sident ivoirien Alassane Ouattara \u00e0 Bouafl\u00e9 pendant sa visite d\u2019\u00c9tat, a fait le tour des r\u00e9seaux sociaux.<\/p>\n<\/div>\n<p>Auteur: APA News<br \/>\n<a href=\"https:\/\/www.journalducameroun.com\/presidentielle-ivoirienne-ouattara-promet-la-vigilance-et-la-fermete-face-aux-fake-news\/\">Cliquez ici pour lire l&rsquo;article depuis sa source.<\/a><\/p>\n","protected":false},"excerpt":{"rendered":"<p>Publi\u00e9 le 27.09.2020 \u00e0 16h18 par APA News Le chef de l\u2019Etat ivoirien Alassane Ouattara a promis, samedi, \u00e0 Bouafl\u00e9 dans le Centre-Ouest du pays la vigilance et la fermet\u00e9 face aux fake news (fausses informations) qui pullulent en C\u00f4te d\u2019Ivoire o\u00f9 une \u00e9lection pr\u00e9sidentielle est pr\u00e9vue le 31 octobre 2020.\u00ab Les d\u00e9marches sont en [&hellip;]<\/p>\n","protected":false},"author":1965,"featured_media":0,"comment_status":"closed","ping_status":"closed","sticky":false,"template":"","format":"standard","meta":{"fifu_image_url":"","fifu_image_alt":"","footnotes":""},"categories":[73,82],"tags":[],"class_list":["post-100143","post","type-post","status-publish","format-standard","hentry","category-actualite","category-cameroun"],"_links":{"self":[{"href":"https:\/\/linitiative.ca\/International\/wp-json\/wp\/v2\/posts\/100143","targetHints":{"allow":["GET"]}}],"collection":[{"href":"https:\/\/linitiative.ca\/International\/wp-json\/wp\/v2\/posts"}],"about":[{"href":"https:\/\/linitiative.ca\/International\/wp-json\/wp\/v2\/types\/post"}],"author":[{"embeddable":true,"href":"https:\/\/linitiative.ca\/International\/wp-json\/wp\/v2\/users\/1965"}],"replies":[{"embeddable":true,"href":"https:\/\/linitiative.ca\/International\/wp-json\/wp\/v2\/comments?post=100143"}],"version-history":[{"count":0,"href":"https:\/\/linitiative.ca\/International\/wp-json\/wp\/v2\/posts\/100143\/revisions"}],"wp:attachment":[{"href":"https:\/\/linitiative.ca\/International\/wp-json\/wp\/v2\/media?parent=100143"}],"wp:term":[{"taxonomy":"category","embeddable":true,"href":"https:\/\/linitiative.ca\/International\/wp-json\/wp\/v2\/categories?post=100143"},{"taxonomy":"post_tag","embeddable":true,"href":"https:\/\/linitiative.ca\/International\/wp-json\/wp\/v2\/tags?post=100143"}],"curies":[{"name":"wp","href":"https:\/\/api.w.org\/{rel}","templated":true}]}}