{"id":100144,"date":"2020-09-27T12:18:02","date_gmt":"2020-09-27T16:18:02","guid":{"rendered":"https:\/\/linitiative.ca\/International\/pres-de-trente-athletes-en-situation-de-handicap-recompenses-a-la-3e-edition-du-handi-marathon-dabidjan\/"},"modified":"2020-09-27T12:18:02","modified_gmt":"2020-09-27T16:18:02","slug":"pres-de-trente-athletes-en-situation-de-handicap-recompenses-a-la-3e-edition-du-handi-marathon-dabidjan","status":"publish","type":"post","link":"https:\/\/linitiative.ca\/International\/pres-de-trente-athletes-en-situation-de-handicap-recompenses-a-la-3e-edition-du-handi-marathon-dabidjan\/","title":{"rendered":"Pr\u00e8s de trente athl\u00e8tes en situation de handicap r\u00e9compens\u00e9s \u00e0 la 3\u00e8 \u00e9dition du Handi Marathon d\u2019Abidjan"},"content":{"rendered":"<div readability=\"32\">\n<p>Publi\u00e9 le 27.09.2020 \u00e0 17h18 par APA News<\/p>\n<\/div>\n<div readability=\"92\">\n<p>Pr\u00e8s de trente athl\u00e8tes en situation de handicap ont \u00e9t\u00e9 r\u00e9compens\u00e9s dimanche \u00e0 Abidjan au terme de la troisi\u00e8me \u00e9dition du Handi Marathon d\u2019Abidjan, une comp\u00e9tition d\u00e9di\u00e9e aux personnes en situation de handicap et aux personnes du 3\u00e8 \u00e2ge, a constat\u00e9 APA sur place.Ce marathon qui s\u2019est fait en trois parcours, notamment le 11 kilom\u00e8tres, le 5 kilom\u00e8tres et le 2 kilom\u00e8tres, a enregistr\u00e9 \u00e9galement la participation des personnes du troisi\u00e8me \u00e2ge et des personnes \u00a0dites valides.<\/p>\n<p>Ainsi les trois meilleurs athl\u00e8tes des trois parcours et des diff\u00e9rentes cat\u00e9gories, ont \u00e9t\u00e9 r\u00e9compens\u00e9s \u00e0 l\u2019issue de cette course. \u00a0Il s\u2019agit entre autres, de la cat\u00e9gorie des personnes de petites tailles dame du 2km o\u00f9 le premier prix a \u00e9t\u00e9 rafl\u00e9 par Yapi Carine, sur le 5 km cat\u00e9gorie fauteuil roulant dame, la premi\u00e8re place est revenue \u00e0 Dosso Maf\u00e9rima.<\/p>\n<p>Quant aux hommes de cette m\u00eame cat\u00e9gorie, le premier prix a \u00e9t\u00e9 remport\u00e9 par Dj\u00e9 Bi Bolou Simplice. Sur le parcours du 11 km cat\u00e9gorie personnes amput\u00e9es dames, la premi\u00e8re place a \u00e9t\u00e9 occup\u00e9e par Bour\u00e9 Nadia. Dans la m\u00eame cat\u00e9gorie, la course des hommes a \u00e9t\u00e9 remport\u00e9e par Keita Ibrahima.<\/p>\n<p>Des personnes du troisi\u00e8me dont l\u2019\u00e2ge varie entre 60 et 75 ans ont, par ailleurs, \u00e9t\u00e9 r\u00e9compens\u00e9es \u00e0 l\u2019issue d\u2019une marche sur le parcours du 5 km. \u00ab Je remercie tous les organisateurs de ce Handi Marathon qui va permettre \u00e0 nous les handicap\u00e9s d\u2019arr\u00eater la mendicit\u00e9\u00bb, a dit \u00e0 APA K\u00e9\u00efta Ibrahima, le champion du 11km cat\u00e9gorie personnes amput\u00e9es hommes.<\/p>\n<p>\u00ab Je veux dire \u00e0 tous ceux qui sont dans la m\u00eame situation physique que moi de venir participer \u00e0 des comp\u00e9titions pour changer d\u2019air. Car notre Handicap ne devrait pas \u00eatre une fatalit\u00e9, mais un atout\u00bb, a soutenu de son c\u00f4t\u00e9 Dosso Maf\u00e9rima, la championne du parcours de 5 km cat\u00e9gorie fauteuil roulant dames.<\/p>\n<p>\u00ab Le sport est tr\u00e8s important pour les personnes vivant avec un handicap car elles ont besoin d\u2019entretenir leur motricit\u00e9 \u00bb, a estim\u00e9 pour sa part, Allah Fran\u00e7ois qui repr\u00e9sentait Danho Paulin, le ministre ivoirien des sports.\u00a0<\/p>\n<p>Au total, une cinquantaine de m\u00e9dailles et des \u00a0r\u00e9compenses financi\u00e8res ont \u00e9t\u00e9 distribu\u00e9es \u00e0 l\u2019issue de cette troisi\u00e8me \u00e9dition du Handi Marathon d\u2019Abidjan qui avait pour th\u00e8me : \u00ab Modeste dans la victoire, sans ranc\u0153ur dans la d\u00e9faite \u00bb.<\/p>\n<p>Le Handi Marathon d\u2019Abidjan dont le commissaire g\u00e9n\u00e9ral est Mme Danielle Adahi, \u00a0est une course qui entend mettre en valeur les personnes en situation de handicap et les personnes du troisi\u00e8me \u00e2ge.<\/p>\n<\/div>\n<p>Auteur: APA News<br \/>\n<a href=\"https:\/\/www.journalducameroun.com\/pres-de-trente-athletes-en-situation-de-handicap-recompenses-a-la-3e-edition-du-handi-marathon-dabidjan\/\">Cliquez ici pour lire l&rsquo;article depuis sa source.<\/a><\/p>\n","protected":false},"excerpt":{"rendered":"<p>Publi\u00e9 le 27.09.2020 \u00e0 17h18 par APA News Pr\u00e8s de trente athl\u00e8tes en situation de handicap ont \u00e9t\u00e9 r\u00e9compens\u00e9s dimanche \u00e0 Abidjan au terme de la troisi\u00e8me \u00e9dition du Handi Marathon d\u2019Abidjan, une comp\u00e9tition d\u00e9di\u00e9e aux personnes en situation de handicap et aux personnes du 3\u00e8 \u00e2ge, a constat\u00e9 APA sur place.Ce marathon qui s\u2019est [&hellip;]<\/p>\n","protected":false},"author":1965,"featured_media":0,"comment_status":"closed","ping_status":"closed","sticky":false,"template":"","format":"standard","meta":{"fifu_image_url":"","fifu_image_alt":"","footnotes":""},"categories":[73,82],"tags":[],"class_list":["post-100144","post","type-post","status-publish","format-standard","hentry","category-actualite","category-cameroun"],"_links":{"self":[{"href":"https:\/\/linitiative.ca\/International\/wp-json\/wp\/v2\/posts\/100144","targetHints":{"allow":["GET"]}}],"collection":[{"href":"https:\/\/linitiative.ca\/International\/wp-json\/wp\/v2\/posts"}],"about":[{"href":"https:\/\/linitiative.ca\/International\/wp-json\/wp\/v2\/types\/post"}],"author":[{"embeddable":true,"href":"https:\/\/linitiative.ca\/International\/wp-json\/wp\/v2\/users\/1965"}],"replies":[{"embeddable":true,"href":"https:\/\/linitiative.ca\/International\/wp-json\/wp\/v2\/comments?post=100144"}],"version-history":[{"count":0,"href":"https:\/\/linitiative.ca\/International\/wp-json\/wp\/v2\/posts\/100144\/revisions"}],"wp:attachment":[{"href":"https:\/\/linitiative.ca\/International\/wp-json\/wp\/v2\/media?parent=100144"}],"wp:term":[{"taxonomy":"category","embeddable":true,"href":"https:\/\/linitiative.ca\/International\/wp-json\/wp\/v2\/categories?post=100144"},{"taxonomy":"post_tag","embeddable":true,"href":"https:\/\/linitiative.ca\/International\/wp-json\/wp\/v2\/tags?post=100144"}],"curies":[{"name":"wp","href":"https:\/\/api.w.org\/{rel}","templated":true}]}}