{"id":100484,"date":"2020-10-01T10:00:26","date_gmt":"2020-10-01T14:00:26","guid":{"rendered":"https:\/\/linitiative.ca\/International\/festival-international-du-film-dauteur-de-rabat-une-25eme-edition-digitale-consacree-a-la-memoire-de-touria-jabrane\/"},"modified":"2020-10-01T10:00:26","modified_gmt":"2020-10-01T14:00:26","slug":"festival-international-du-film-dauteur-de-rabat-une-25eme-edition-digitale-consacree-a-la-memoire-de-touria-jabrane","status":"publish","type":"post","link":"https:\/\/linitiative.ca\/International\/festival-international-du-film-dauteur-de-rabat-une-25eme-edition-digitale-consacree-a-la-memoire-de-touria-jabrane\/","title":{"rendered":"Festival international du film d\u2019auteur de Rabat : Une 25\u00e8me \u00e9dition digitale consacr\u00e9e  \u00e0 la m\u00e9moire de Touria Jabrane"},"content":{"rendered":"<p><img decoding=\"async\" class=\"post_layout_5_img\" src=\"http:\/\/aujourdhui.ma\/wp-content\/uploads\/2020\/09\/Touria-Jabrane.jpg\" alt=\"Festival international du film d&#x2019;auteur de Rabat : Une 25&#xE8;me &#xE9;dition digitale consacr&#xE9;e &#xE0; la m&#xE9;moire de Touria Jabrane\"\/><\/p>\n<p><span class=\"c5\"><strong>Face \u00e0 la Covid-19, les organisateurs du Festival international du film d\u2019auteur de Rabat, pr\u00e9vu du 23 au 31 octobre 2020, ont choisi le num\u00e9rique pour organiser la 25\u00e8me \u00e9dition.<\/strong><\/span><\/p>\n<p>\u00abNous avons choisi de maintenir la 25\u00e8me \u00e9dition du festival en optant pour la version digitale. Nous veillerons \u00e0 assurer l\u2019\u00e9quipement technique et num\u00e9rique pour r\u00e9ussir cet \u00e9v\u00e8nement et pour que le public puisse suivre les diff\u00e9rentes activit\u00e9s du festival\u00bb, indiquent \u00e0 ce sujet les organisateurs. Cette \u00e9dition sera particuli\u00e8re, elle sera marqu\u00e9e par un grand hommage \u00e0 la d\u00e9funte Touria Jabrane d\u00e9c\u00e9d\u00e9e en ao\u00fbt dernier. \u00abElle est l\u2019une des fondateurs de ce festival.<\/p>\n<p>C\u2019est une grande dame qui a laiss\u00e9 derri\u00e8re elle une riche exp\u00e9rience artistique dans le domaine du th\u00e9\u00e2tre, du cin\u00e9ma et de la t\u00e9l\u00e9vision\u00bb, souligne-t-on. Outre cet hommage, cette \u00e9dition mettra \u00e0 l\u2019honneur le cin\u00e9ma canadien. \u00abLes amateurs du septi\u00e8me art d\u00e9couvriront un cin\u00e9ma connu pour sa marque d\u2019industrie et de cr\u00e9ativit\u00e9 qui refl\u00e8te les particularit\u00e9s de ce pays\u00bb. Le programme inclut \u00e9galement une comp\u00e9tition internationale consacr\u00e9e aux courts-m\u00e9trages. Elle sera pr\u00e9sid\u00e9e en effet par le r\u00e9alisateur marocain Ahed Benssouda ainsi que par d\u2019autres personnalit\u00e9s de la sc\u00e8ne artistique. En parall\u00e8le de la comp\u00e9tition officielle du film, les organisateurs pr\u00e9voient un atelier de l\u2019\u00e9criture de sc\u00e9nario dirig\u00e9 par le r\u00e9alisateur am\u00e9ricain Jerome Gary.<\/p>\n<p>\u00abCe workshop sera destin\u00e9 aux professionnels, \u00e9tudiants, d\u00e9sireux d\u2019\u00e9crire des sc\u00e9narios et porteurs des projets de longs m\u00e9trages\u00bb, explique-t-on. Le Festival international du cin\u00e9ma d\u2019auteur de Rabat propose \u00e9galement trois s\u00e9minaires dont les th\u00e9matiques sont li\u00e9es \u00e0 la crise sanitaire. Le premier se d\u00e9roulera sous le th\u00e8me \u00abL\u2019avenir de l\u2019industrie cin\u00e9matographique \u00e0 la lumi\u00e8re de la situation \u00e9pid\u00e9miologique mondiale\u00bb.<\/p>\n<p>En ce qui concerne le deuxi\u00e8me, il sera plac\u00e9 sous le th\u00e8me \u00abL\u2019avenir de l\u2019observation cin\u00e9matographique entre les salles obscures et le Home Cinema\u00bb. Tandis que le troisi\u00e8me portera sur le th\u00e8me \u00abLe droit d\u2019auteur dans les nouveaux m\u00e9dias, le cas des \u0153uvres cin\u00e9matographiques\u00bb.<\/p>\n<div class=\"base-box mom_box_sc_custom mom_box_sc clear c7\" readability=\"17\">\n<p><span class=\"c6\"><strong>Nouveau cycle de projection en ligne\u00a0: L\u2019hommage du CCM \u00e0 la d\u00e9funte<\/strong><\/span><\/p>\n<p><a href=\"https:\/\/aujourdhui.ma\/wp-content\/uploads\/2020\/09\/Touria-Jabrane-1-scaled.jpg\"><img loading=\"lazy\" decoding=\"async\" class=\" wp-image-356668 alignleft\" src=\"http:\/\/aujourdhui.ma\/wp-content\/uploads\/2020\/09\/Touria-Jabrane-1-242x300.jpg\" alt=\"\" width=\"132\" height=\"163\" srcset=\"http:\/\/aujourdhui.ma\/wp-content\/uploads\/2020\/09\/Touria-Jabrane-1-242x300.jpg 242w, \/\/aujourdhui.ma\/wp-content\/uploads\/2020\/09\/Touria-Jabrane-1-825x1024.jpg 825w, \/\/aujourdhui.ma\/wp-content\/uploads\/2020\/09\/Touria-Jabrane-1-768x953.jpg 768w, \/\/aujourdhui.ma\/wp-content\/uploads\/2020\/09\/Touria-Jabrane-1-1237x1536.jpg 1237w, \/\/aujourdhui.ma\/wp-content\/uploads\/2020\/09\/Touria-Jabrane-1-1650x2048.jpg 1650w\" sizes=\"auto, (max-width: 132px) 100vw, 132px\"\/><\/a>Le Centre cin\u00e9matographique marocain (CCM) a annonc\u00e9 qu\u2019un nouveau cycle de projection, consacr\u00e9 \u00e0 feue Touria Jabrane, sera mis en ligne \u00e0 partir du vendredi 2 octobre 2020, journ\u00e9e qui co\u00efncide avec la comm\u00e9moration du 40\u00e8me jour de sa disparition. \u00abLe nouveau cycle de projection permettra aux cin\u00e9philes de d\u00e9couvrir ou de revoir des \u0153uvres cin\u00e9matographiques nationales, dans lesquelles la d\u00e9funte a interpr\u00e9t\u00e9 des premiers r\u00f4les. Chaque film sera mis en ligne pendant une semaine et visible \u00e0 toute heure de la journ\u00e9e\u00bb, indique le CCM.<\/p>\n<\/div>\n<p>Auteur: Siham Jadraoui<br \/>\n<a href=\"https:\/\/aujourdhui.ma\/culture\/cinema\/festival-international-du-film-dauteur-de-rabat-une-25eme-edition-digitale-consacree-a-la-memoire-de-touria-jabrane\">Cliquez ici pour lire l&rsquo;article depuis sa source.<\/a><\/p>\n","protected":false},"excerpt":{"rendered":"<p>Face \u00e0 la Covid-19, les organisateurs du Festival international du film d\u2019auteur de Rabat, pr\u00e9vu du 23 au 31 octobre 2020, ont choisi le num\u00e9rique pour organiser la 25\u00e8me \u00e9dition. \u00abNous avons choisi de maintenir la 25\u00e8me \u00e9dition du festival en optant pour la version digitale. Nous veillerons \u00e0 assurer l\u2019\u00e9quipement technique et num\u00e9rique pour [&hellip;]<\/p>\n","protected":false},"author":1759,"featured_media":100485,"comment_status":"closed","ping_status":"closed","sticky":false,"template":"","format":"standard","meta":{"fifu_image_url":"","fifu_image_alt":"","footnotes":""},"categories":[73,54],"tags":[],"class_list":["post-100484","post","type-post","status-publish","format-standard","has-post-thumbnail","hentry","category-actualite","category-maroc"],"_links":{"self":[{"href":"https:\/\/linitiative.ca\/International\/wp-json\/wp\/v2\/posts\/100484","targetHints":{"allow":["GET"]}}],"collection":[{"href":"https:\/\/linitiative.ca\/International\/wp-json\/wp\/v2\/posts"}],"about":[{"href":"https:\/\/linitiative.ca\/International\/wp-json\/wp\/v2\/types\/post"}],"author":[{"embeddable":true,"href":"https:\/\/linitiative.ca\/International\/wp-json\/wp\/v2\/users\/1759"}],"replies":[{"embeddable":true,"href":"https:\/\/linitiative.ca\/International\/wp-json\/wp\/v2\/comments?post=100484"}],"version-history":[{"count":0,"href":"https:\/\/linitiative.ca\/International\/wp-json\/wp\/v2\/posts\/100484\/revisions"}],"wp:featuredmedia":[{"embeddable":true,"href":"https:\/\/linitiative.ca\/International\/wp-json\/"}],"wp:attachment":[{"href":"https:\/\/linitiative.ca\/International\/wp-json\/wp\/v2\/media?parent=100484"}],"wp:term":[{"taxonomy":"category","embeddable":true,"href":"https:\/\/linitiative.ca\/International\/wp-json\/wp\/v2\/categories?post=100484"},{"taxonomy":"post_tag","embeddable":true,"href":"https:\/\/linitiative.ca\/International\/wp-json\/wp\/v2\/tags?post=100484"}],"curies":[{"name":"wp","href":"https:\/\/api.w.org\/{rel}","templated":true}]}}