{"id":100486,"date":"2020-10-01T10:25:29","date_gmt":"2020-10-01T14:25:29","guid":{"rendered":"https:\/\/linitiative.ca\/International\/%ef%bb%bfhakimi-met-deja-tout-le-monde-daccord\/"},"modified":"2020-10-01T10:25:29","modified_gmt":"2020-10-01T14:25:29","slug":"%ef%bb%bfhakimi-met-deja-tout-le-monde-daccord","status":"publish","type":"post","link":"https:\/\/linitiative.ca\/International\/%ef%bb%bfhakimi-met-deja-tout-le-monde-daccord\/","title":{"rendered":"\ufeffHakimi met d\u00e9j\u00e0 tout le monde d\u2019accord !"},"content":{"rendered":"<p class=\"has-text-color has-vivid-red-color c2\"><strong>Lions de l\u2019Atlas<\/strong><\/p>\n<p class=\"has-text-color has-vivid-cyan-blue-color\"><strong>Le Lion de l\u2019Atlas Achraf Hakimi, qui a rejoint officiellement l\u2019Inter Milan en signant un contrat de cinq ans, n\u2019a eu besoin que de deux matchs pour inscrire son nom dans la l\u00e9gende du club italien.<\/strong><\/p>\n<p>En effet, lors du match en retard de la 1re journ\u00e9e de Serie A, l\u2019Inter Milan n\u2019a fait qu\u2019une bouch\u00e9e de son adversaire du jour, le promu Benevento, gr\u00e2ce notamment \u00e0 une grande prestation de Hakimi et Lukaku (5-2).<\/p>\n<p>Il leur a fallu moins de 30 secondes pour se trouver, \u00abBig Rom\u00bb reprenant victorieusement un centre de Hakimi. L\u2019entente entre le Belge et le Marocain, arriv\u00e9 du Borussia Dortmund, avait d\u00e9j\u00e0 remis l\u2019Inter en selle contre la Fiorentina et semble partie pour faire des \u00e9tincelles.<\/p>\n<p>L\u2019Inter, ainsi lanc\u00e9e, a continu\u00e9 \u00e0 martyriser la fragile d\u00e9fense de Benevento. Gagliardini a doubl\u00e9 la mise d\u2019une belle vol\u00e9e (25e) avant d\u2019offrir \u00e0 Lukaku son deuxi\u00e8me but (28e).<\/p>\n<p>Hakimi a ensuite profit\u00e9 de la lenteur de la d\u00e9fense pour ouvrir son compteur de buts (42e) avant que Lautaro Martinez, entr\u00e9 en seconde p\u00e9riode, ne marque le cinqui\u00e8me but depuis l\u2019entr\u00e9e de la surface (71e).<\/p>\n<p>\u00abJe suis tr\u00e8s heureux de la fa\u00e7on dont je me suis adapt\u00e9 \u00e0 l\u2019\u00e9quipe, m\u00eame s\u2019il me reste des m\u00e9canismes \u00e0 perfectionner\u00bb, a salu\u00e9 et soulign\u00e9 le Marocain. \u00abLe titre? On travaille \u00e0 cet objectif.\u00bb<\/p>\n<p>Auteur: M&rsquo;hammed rahal<br \/>\n<a href=\"http:\/\/albayane.press.ma\/%EF%BB%BFhakimi-met-deja-tout-le-monde-daccord.html\">Cliquez ici pour lire l&rsquo;article depuis sa source.<\/a><\/p>\n","protected":false},"excerpt":{"rendered":"<p>Lions de l\u2019Atlas Le Lion de l\u2019Atlas Achraf Hakimi, qui a rejoint officiellement l\u2019Inter Milan en signant un contrat de cinq ans, n\u2019a eu besoin que de deux matchs pour inscrire son nom dans la l\u00e9gende du club italien. En effet, lors du match en retard de la 1re journ\u00e9e de Serie A, l\u2019Inter Milan [&hellip;]<\/p>\n","protected":false},"author":1760,"featured_media":0,"comment_status":"closed","ping_status":"closed","sticky":false,"template":"","format":"standard","meta":{"fifu_image_url":"","fifu_image_alt":"","footnotes":""},"categories":[73,54],"tags":[],"class_list":["post-100486","post","type-post","status-publish","format-standard","hentry","category-actualite","category-maroc"],"_links":{"self":[{"href":"https:\/\/linitiative.ca\/International\/wp-json\/wp\/v2\/posts\/100486","targetHints":{"allow":["GET"]}}],"collection":[{"href":"https:\/\/linitiative.ca\/International\/wp-json\/wp\/v2\/posts"}],"about":[{"href":"https:\/\/linitiative.ca\/International\/wp-json\/wp\/v2\/types\/post"}],"author":[{"embeddable":true,"href":"https:\/\/linitiative.ca\/International\/wp-json\/wp\/v2\/users\/1760"}],"replies":[{"embeddable":true,"href":"https:\/\/linitiative.ca\/International\/wp-json\/wp\/v2\/comments?post=100486"}],"version-history":[{"count":0,"href":"https:\/\/linitiative.ca\/International\/wp-json\/wp\/v2\/posts\/100486\/revisions"}],"wp:attachment":[{"href":"https:\/\/linitiative.ca\/International\/wp-json\/wp\/v2\/media?parent=100486"}],"wp:term":[{"taxonomy":"category","embeddable":true,"href":"https:\/\/linitiative.ca\/International\/wp-json\/wp\/v2\/categories?post=100486"},{"taxonomy":"post_tag","embeddable":true,"href":"https:\/\/linitiative.ca\/International\/wp-json\/wp\/v2\/tags?post=100486"}],"curies":[{"name":"wp","href":"https:\/\/api.w.org\/{rel}","templated":true}]}}