{"id":100487,"date":"2020-10-01T10:28:26","date_gmt":"2020-10-01T14:28:26","guid":{"rendered":"https:\/\/linitiative.ca\/International\/%ef%bb%bfufc-abu-azaitar-se-retire-de-son-combat\/"},"modified":"2020-10-01T10:28:26","modified_gmt":"2020-10-01T14:28:26","slug":"%ef%bb%bfufc-abu-azaitar-se-retire-de-son-combat","status":"publish","type":"post","link":"https:\/\/linitiative.ca\/International\/%ef%bb%bfufc-abu-azaitar-se-retire-de-son-combat\/","title":{"rendered":"\ufeffUFC: Abu Azaitar se retire de son combat!"},"content":{"rendered":"<p class=\"has-text-color has-vivid-red-color c2\"><strong>Arts Martiaux Mixtes<\/strong><\/p>\n<p class=\"has-text-color has-vivid-cyan-blue-color\"><strong>Il \u00e9tait pr\u00e9vu que le combattant marocain Abu Azaitar face enfin son retour tant attendu pour affronter Joaquin Buckley le 10 octobre prochain. Malheureusement, il faudra encore patienter pour revoir le natif de Cologne r\u00e9apparaitre dans une octogone.<\/strong><\/p>\n<p>En effet, selon le site MMA Junkie, le Marocain s\u2019est tout simplement retir\u00e9 du combat pour des raisons encore inconnues. Ce dernier n\u2019a pas encore annonc\u00e9 la nouvelle de son abandon sur les r\u00e9seaux sociaux.<\/p>\n<p>L\u2019organisation am\u00e9ricaine (UFC) a rapidement remplac\u00e9 Abu par Impa Kasanganay, toujours invaincu dans la cat\u00e9gorie des poids moyens. Il prendra la place d\u2019Azaitar pour faire face \u00e0 Joaquin Buckley \u00e0 l\u2019UFC sur ESPN + 37.<\/p>\n<p>Ce sera le troisi\u00e8me combat de Kasanganay au cours des deux derniers mois, alors qu\u2019Azaitar, qui avait fait ses d\u00e9buts pour l\u2019Ultimate Fighting Championship en 2018 contre Vitor Miranda, reste sur une seule participation en 3 ans!<\/p>\n<p class=\"c3\"><strong>O.Z<\/strong><\/p>\n<p>Auteur: M&rsquo;hammed rahal<br \/>\n<a href=\"http:\/\/albayane.press.ma\/%EF%BB%BFufc-abu-azaitar-se-retire-de-son-combat.html\">Cliquez ici pour lire l&rsquo;article depuis sa source.<\/a><\/p>\n","protected":false},"excerpt":{"rendered":"<p>Arts Martiaux Mixtes Il \u00e9tait pr\u00e9vu que le combattant marocain Abu Azaitar face enfin son retour tant attendu pour affronter Joaquin Buckley le 10 octobre prochain. Malheureusement, il faudra encore patienter pour revoir le natif de Cologne r\u00e9apparaitre dans une octogone. En effet, selon le site MMA Junkie, le Marocain s\u2019est tout simplement retir\u00e9 du [&hellip;]<\/p>\n","protected":false},"author":1760,"featured_media":0,"comment_status":"closed","ping_status":"closed","sticky":false,"template":"","format":"standard","meta":{"fifu_image_url":"","fifu_image_alt":"","footnotes":""},"categories":[73,54],"tags":[],"class_list":["post-100487","post","type-post","status-publish","format-standard","hentry","category-actualite","category-maroc"],"_links":{"self":[{"href":"https:\/\/linitiative.ca\/International\/wp-json\/wp\/v2\/posts\/100487","targetHints":{"allow":["GET"]}}],"collection":[{"href":"https:\/\/linitiative.ca\/International\/wp-json\/wp\/v2\/posts"}],"about":[{"href":"https:\/\/linitiative.ca\/International\/wp-json\/wp\/v2\/types\/post"}],"author":[{"embeddable":true,"href":"https:\/\/linitiative.ca\/International\/wp-json\/wp\/v2\/users\/1760"}],"replies":[{"embeddable":true,"href":"https:\/\/linitiative.ca\/International\/wp-json\/wp\/v2\/comments?post=100487"}],"version-history":[{"count":0,"href":"https:\/\/linitiative.ca\/International\/wp-json\/wp\/v2\/posts\/100487\/revisions"}],"wp:attachment":[{"href":"https:\/\/linitiative.ca\/International\/wp-json\/wp\/v2\/media?parent=100487"}],"wp:term":[{"taxonomy":"category","embeddable":true,"href":"https:\/\/linitiative.ca\/International\/wp-json\/wp\/v2\/categories?post=100487"},{"taxonomy":"post_tag","embeddable":true,"href":"https:\/\/linitiative.ca\/International\/wp-json\/wp\/v2\/tags?post=100487"}],"curies":[{"name":"wp","href":"https:\/\/api.w.org\/{rel}","templated":true}]}}