{"id":100490,"date":"2020-10-01T10:44:21","date_gmt":"2020-10-01T14:44:21","guid":{"rendered":"https:\/\/linitiative.ca\/International\/%ef%bb%bfwac-el-haddad-out-lakhal-in\/"},"modified":"2020-10-01T10:44:21","modified_gmt":"2020-10-01T14:44:21","slug":"%ef%bb%bfwac-el-haddad-out-lakhal-in","status":"publish","type":"post","link":"https:\/\/linitiative.ca\/International\/%ef%bb%bfwac-el-haddad-out-lakhal-in\/","title":{"rendered":"\ufeffWAC. El Haddad out Lakhal in !"},"content":{"rendered":"<p class=\"has-text-color has-vivid-red-color c2\"><strong>Mercato Botola<\/strong><\/p>\n<p class=\"has-text-color has-vivid-cyan-blue-color\"><strong>L\u2019ailier du Wydad Ismail El Haddad serait sur le point de quitter le championnat marocain en direction du Qatar. Un d\u00e9part synonyme de la fin d\u2019une grande histoire d\u2019amour entre l\u2019attaquant et le club dont il a port\u00e9 les couleurs durant 5 ans.<\/strong><\/p>\n<div class=\"wp-block-image\"><img loading=\"lazy\" decoding=\"async\" src=\"http:\/\/albayane.press.ma\/wp-content\/uploads\/Ventre-2-4.jpg\" alt=\"\" class=\"wp-image-96448\" width=\"549\" height=\"325\"\/><\/div>\n<p>N\u00e9 \u00e0 Casablanca et form\u00e9 au Tihad Athletic Sport, club bas\u00e9 au quartier Hay El Mohammedi \u00e0 Casablanca, El Haddad avait disput\u00e9 en 2014 sa premi\u00e8re saison en premi\u00e8re division apr\u00e8s son transfert au Hassania d\u2019Agadir, inscrivant 6 buts en 19 rencontres.<\/p>\n<p>En 2015, il rejoint le Wydad, club champion la saison pr\u00e9c\u00e9dente avec lequel il est couronn\u00e9 \u00e0 deux reprises en 2017 et 2019, sans oublier la Supercoupe de la CAF gagn\u00e9e par la formation casablancaise en 2018.<\/p>\n<p>Selon les r\u00e9centes informations du quotidien Al Raya du Qatar, El Haddad (30 ans) va finalement tourner la page pour commencer une nouvelle aventure avec le club d\u2019Al Khour une fois la saison termin\u00e9e. Le Wydad aurait d\u00e9j\u00e0 donn\u00e9 son accord pour la vente de son ailier gauche, le montant de l\u2019op\u00e9ration n\u2019a toujours pas filtr\u00e9.<\/p>\n<p>Pour le remplacer, le pr\u00e9sident du WAC, Sa\u00efd Naciri, aurait d\u00e9j\u00e0 d\u00e9marr\u00e9 les discussions avec le Moghreb de T\u00e9touan concernant son milieu offensif Ayoub Lakhal. Ce dernier aurait d\u00e9j\u00e0 donn\u00e9 son accord au patron du Wydad pour venir renforcer son effectif la saison prochaine.<\/p>\n<p>L\u2019agent du joueur, Mohamed Rizk, a confirm\u00e9 que son client a re\u00e7u des offres de la part du Wydad ainsi que du Raja. Pour rappel, Ayoub est le petit fr\u00e8re de Yassine Lakhal, qui a d\u00e9j\u00e0 port\u00e9 les couleurs du WAC.<\/p>\n<p class=\"c3\"><strong>O.Z<\/strong><\/p>\n<p>Auteur: M&rsquo;hammed rahal<br \/>\n<a href=\"http:\/\/albayane.press.ma\/%EF%BB%BFwac-el-haddad-out-lakhal-in.html\">Cliquez ici pour lire l&rsquo;article depuis sa source.<\/a><\/p>\n","protected":false},"excerpt":{"rendered":"<p>Mercato Botola L\u2019ailier du Wydad Ismail El Haddad serait sur le point de quitter le championnat marocain en direction du Qatar. Un d\u00e9part synonyme de la fin d\u2019une grande histoire d\u2019amour entre l\u2019attaquant et le club dont il a port\u00e9 les couleurs durant 5 ans. N\u00e9 \u00e0 Casablanca et form\u00e9 au Tihad Athletic Sport, club [&hellip;]<\/p>\n","protected":false},"author":1760,"featured_media":100491,"comment_status":"closed","ping_status":"closed","sticky":false,"template":"","format":"standard","meta":{"fifu_image_url":"","fifu_image_alt":"","footnotes":""},"categories":[73,54],"tags":[],"class_list":["post-100490","post","type-post","status-publish","format-standard","has-post-thumbnail","hentry","category-actualite","category-maroc"],"_links":{"self":[{"href":"https:\/\/linitiative.ca\/International\/wp-json\/wp\/v2\/posts\/100490","targetHints":{"allow":["GET"]}}],"collection":[{"href":"https:\/\/linitiative.ca\/International\/wp-json\/wp\/v2\/posts"}],"about":[{"href":"https:\/\/linitiative.ca\/International\/wp-json\/wp\/v2\/types\/post"}],"author":[{"embeddable":true,"href":"https:\/\/linitiative.ca\/International\/wp-json\/wp\/v2\/users\/1760"}],"replies":[{"embeddable":true,"href":"https:\/\/linitiative.ca\/International\/wp-json\/wp\/v2\/comments?post=100490"}],"version-history":[{"count":0,"href":"https:\/\/linitiative.ca\/International\/wp-json\/wp\/v2\/posts\/100490\/revisions"}],"wp:featuredmedia":[{"embeddable":true,"href":"https:\/\/linitiative.ca\/International\/wp-json\/"}],"wp:attachment":[{"href":"https:\/\/linitiative.ca\/International\/wp-json\/wp\/v2\/media?parent=100490"}],"wp:term":[{"taxonomy":"category","embeddable":true,"href":"https:\/\/linitiative.ca\/International\/wp-json\/wp\/v2\/categories?post=100490"},{"taxonomy":"post_tag","embeddable":true,"href":"https:\/\/linitiative.ca\/International\/wp-json\/wp\/v2\/tags?post=100490"}],"curies":[{"name":"wp","href":"https:\/\/api.w.org\/{rel}","templated":true}]}}