{"id":100499,"date":"2020-10-01T13:03:14","date_gmt":"2020-10-01T17:03:14","guid":{"rendered":"https:\/\/linitiative.ca\/International\/tamanrasset-impliquer-la-population-locale-dans-la-preservation-du-patrimoine-culturel\/"},"modified":"2020-10-01T13:03:14","modified_gmt":"2020-10-01T17:03:14","slug":"tamanrasset-impliquer-la-population-locale-dans-la-preservation-du-patrimoine-culturel","status":"publish","type":"post","link":"https:\/\/linitiative.ca\/International\/tamanrasset-impliquer-la-population-locale-dans-la-preservation-du-patrimoine-culturel\/","title":{"rendered":"Tamanrasset: Impliquer la population locale dans la pr\u00e9servation du patrimoine culturel"},"content":{"rendered":"<div readability=\"38\">\n<p><strong>TAMANRASSET- La ministre de la Culture et des Arts, Malika Bendouda, a mis l\u2019accent, jeudi dans la wilaya de Tamanrasset, sur l\u2019implication de la population locale dans la pr\u00e9servation du patrimoine culturel.<\/strong><\/p>\n<\/div>\n<div readability=\"73.818144997975\">\n<p>\u00ab\u00a0Il appartient d\u2019impliquer la population locale dans les actions de valorisation et de pr\u00e9servation du patrimoine culturel notamment dans les r\u00e9gions enclav\u00e9es\u00a0\u00bb, a affirm\u00e9 la ministre, lors de l\u2019inspection du poste d\u2019observation au village de Taguemart (30 km Nord de Tamanrasset).<\/p>\n<p>Mme Bendouda a soulign\u00e9 \u00e9galement l\u2019int\u00e9r\u00eat \u00e0 associer les micro-entreprises dans cette d\u00e9marche, \u00e0 travers des m\u00e9canismes leur permettant de contribuer \u00e0 la valorisation du patrimoine culturel et, de l\u00e0, renforcer l\u2019attractivit\u00e9 touristique de ces r\u00e9gions.<\/p>\n<p>Les efforts s\u2019orientent vers l\u2019\u00e9laboration d\u2019un nouveau programme d\u2019exploitation du patrimoine culturel afin de lustrer son image et lui conf\u00e9rer la place qui lui sied, a-t-elle ajout\u00e9.<\/p>\n<p>La distribution de t\u00eates de cam\u00e9lid\u00e9s et de machines de couture \u00e0 la femme dans les r\u00e9gions enclav\u00e9es, s\u2019inscrit justement dans l\u2019optique de concr\u00e9tisation des efforts visant son \u00e9panouissement \u00e9conomique, et une contribution \u00e0 l\u2019implication de la population locale au projet de pr\u00e9servation de la biodiversit\u00e9.<\/p>\n<blockquote readability=\"10\">\n<p><strong><em>La ministre de la Culture et des Arts a proc\u00e9d\u00e9, en outre, \u00e0 la remise d\u2019un lot de livres \u00e0 deux \u00e9coles primaires du village de Taguemart o\u00f9 elle a aussi visit\u00e9 une station de gravures rupestres et \u00e9cout\u00e9 un expos\u00e9 sur les suggestions concernant l\u2019\u00e9tude d\u2019am\u00e9nagement de ce site arch\u00e9ologique.<\/em><\/strong><\/p>\n<\/blockquote>\n<hr\/>\n<h3>Lire aussi:\u00a0<a href=\"http:\/\/www.aps.dz\/culture\/110188-lancement-de-la-manifestation-la-rentree-culturelle\">Lancement de la manifestation \u00ab\u00a0La rentr\u00e9e\u00a0<span class=\"highlight\">culturel<\/span>le\u00a0\u00bb<\/a><\/h3>\n<hr\/>\n<p>Au village de Tarhanent, elle a inspect\u00e9 le projet de r\u00e9alisation d\u2019un poste d\u2019observation de l\u2019Office national du parc culturel de l\u2019Ahaggar, avant de pr\u00e9sider une c\u00e9r\u00e9monie de remise de livres \u00e0 une \u00e9cole primaire ainsi que de t\u00eates de cam\u00e9lid\u00e9s \u00e0 la population locale.\u00a0<\/p>\n<p>Le palais de Tin-Hinan dans la commune d\u2019Abalessa a \u00e9t\u00e9 l\u2019autre monument visit\u00e9 par\u00a0 Mme.Bendouda qui a soulign\u00e9 sa grande importance\u00a0 historique, avant d\u2019annoncer une action visant sa valorisation.\u00a0Au terme de sa visite de travail de deux jours dans la wilaya de Tamanrasset, la ministre de la Culture et des Arts s\u2019est rendue dans la r\u00e9gion d\u2019Ilim\u00e8ne (70 km Nord de Tamanrasset) ou elle a visit\u00e9 la mosqu\u00e9e antique et le lieu de la bataille d\u2019Ilim\u00e8ne (1916).<\/p>\n<p>Mme.Bendouda a saisi l\u2019opportunit\u00e9 pour souligner la richesse du patrimoine culturel et civilisationnel que renferme la r\u00e9gion, sur laquelle s\u2019articuleront les actions futures de promotion du tourisme culturel.<\/p>\n<\/div>\n<p>Auteur:<br \/>\n<a href=\"http:\/\/www.aps.dz\/culture\/110403-tamanrasset-impliquer-la-population-locale-dans-la-preservation-du-patrimoine-culturel\">Cliquez ici pour lire l&rsquo;article depuis sa source.<\/a><\/p>\n","protected":false},"excerpt":{"rendered":"<p>TAMANRASSET- La ministre de la Culture et des Arts, Malika Bendouda, a mis l\u2019accent, jeudi dans la wilaya de Tamanrasset, sur l\u2019implication de la population locale dans la pr\u00e9servation du patrimoine culturel. \u00ab\u00a0Il appartient d\u2019impliquer la population locale dans les actions de valorisation et de pr\u00e9servation du patrimoine culturel notamment dans les r\u00e9gions enclav\u00e9es\u00a0\u00bb, a [&hellip;]<\/p>\n","protected":false},"author":1790,"featured_media":0,"comment_status":"closed","ping_status":"closed","sticky":false,"template":"","format":"standard","meta":{"fifu_image_url":"","fifu_image_alt":"","footnotes":""},"categories":[53,79],"tags":[],"class_list":["post-100499","post","type-post","status-publish","format-standard","hentry","category-algerie","category-culture"],"_links":{"self":[{"href":"https:\/\/linitiative.ca\/International\/wp-json\/wp\/v2\/posts\/100499","targetHints":{"allow":["GET"]}}],"collection":[{"href":"https:\/\/linitiative.ca\/International\/wp-json\/wp\/v2\/posts"}],"about":[{"href":"https:\/\/linitiative.ca\/International\/wp-json\/wp\/v2\/types\/post"}],"author":[{"embeddable":true,"href":"https:\/\/linitiative.ca\/International\/wp-json\/wp\/v2\/users\/1790"}],"replies":[{"embeddable":true,"href":"https:\/\/linitiative.ca\/International\/wp-json\/wp\/v2\/comments?post=100499"}],"version-history":[{"count":0,"href":"https:\/\/linitiative.ca\/International\/wp-json\/wp\/v2\/posts\/100499\/revisions"}],"wp:attachment":[{"href":"https:\/\/linitiative.ca\/International\/wp-json\/wp\/v2\/media?parent=100499"}],"wp:term":[{"taxonomy":"category","embeddable":true,"href":"https:\/\/linitiative.ca\/International\/wp-json\/wp\/v2\/categories?post=100499"},{"taxonomy":"post_tag","embeddable":true,"href":"https:\/\/linitiative.ca\/International\/wp-json\/wp\/v2\/tags?post=100499"}],"curies":[{"name":"wp","href":"https:\/\/api.w.org\/{rel}","templated":true}]}}