{"id":100508,"date":"2020-10-01T10:23:40","date_gmt":"2020-10-01T14:23:40","guid":{"rendered":"https:\/\/linitiative.ca\/International\/le-jardin-botanique-anima-de-nouveau-ouvert-au-public\/"},"modified":"2020-10-01T10:23:40","modified_gmt":"2020-10-01T14:23:40","slug":"le-jardin-botanique-anima-de-nouveau-ouvert-au-public","status":"publish","type":"post","link":"https:\/\/linitiative.ca\/International\/le-jardin-botanique-anima-de-nouveau-ouvert-au-public\/","title":{"rendered":"Le jardin botanique Anima de nouveau ouvert au public"},"content":{"rendered":"<div readability=\"37\">\n<p>Marrakech \u2013 Le jardin botanique Anima, situ\u00e9 \u00e0 une vingtaine de kilom\u00e8tres de Marrakech, a rouvert jeudi, ses portes devant le public apr\u00e8s pr\u00e8s de 06 mois de fermeture en raison de la pand\u00e9mie de la Covid-19.<\/p>\n<\/div>\n<div readability=\"83\">\n<p>Les responsables de ce jardin \u00e9cologique ont d\u00e9cid\u00e9 de d\u00e9dier cette premi\u00e8re journ\u00e9e \u00e0 la population locale afin de contribuer \u00e0 \u00ab\u00a0la d\u00e9mocratisation\u00a0\u00bb de la culture et d\u2019encourager la visite des mus\u00e9es et des sites touristiques aupr\u00e8s des citoyens conform\u00e9ment \u00e0 la politique du minist\u00e8re de la culture.<\/p>\n<p>Une op\u00e9ration promotionnelle exceptionnelle a \u00e9t\u00e9 aussi lanc\u00e9e \u00e0 l\u2019occasion de la r\u00e9ouverture du jardin Anima. Cette promotion permet aux r\u00e9sidents de choisir une date en octobre et d\u2019acc\u00e9der gratuitement au jardin, \u00e0 la salle de mus\u00e9e et au Caf\u00e9 Paul Bowles.<\/p>\n<p>Les visiteurs pourront ainsi, appr\u00e9cier des chefs-d\u2019\u0153uvre du peintre et \u00e9crivain allemand Hans Werner Geerdts qui s\u2019est \u00e9tabli \u00e0 Marrakech depuis 1963 jusqu\u2019\u00e0 sa mort en 2013. On y trouve des peintures de son h\u00e9ritage artistique qu\u2019il a l\u00e9gu\u00e9 \u00e0 son ami de longue date, Andr\u00e9 Heller.<\/p>\n<p>Le jardin \u00e9cologique Anima est devenu en l\u2019espace de quelques ann\u00e9es seulement, un c\u00e9l\u00e8bre espace attraction touristique de la ville et l\u2019un des hauts lieux de rencontres des cultures et d\u2019artistes d\u2019horizons divers.<\/p>\n<p>Ce jardin botanique, qui s\u2019\u00e9tend sur plus de 8 hectares, est devenu un lieu privil\u00e9gi\u00e9 \u00e0 la fois des artistes et de touristes marocains et \u00e9trangers en qu\u00eate de d\u00e9paysement et venus se ressourcer ou d\u00e9couvrir le charme unique de l\u2019un des jardins les plus enchanteurs et les plus mystiques de la cit\u00e9 ocre.<\/p>\n<p>Con\u00e7u et r\u00e9alis\u00e9 par l\u2019artiste autrichien Andr\u00e9 Heller, ce mus\u00e9e \u00e0 ciel ouvert est une source de fra\u00eecheur pendant la canicule de l\u2019\u00e9t\u00e9 et un lieu magique invitant \u00e0 la contemplation et \u00e0 l\u2019inspiration pour tous ceux qui souhaitent vivre une exp\u00e9rience inoubliable.<\/p>\n<p>Ce mus\u00e9e vivant, qui a ouvert ses portes en 2016, rassemble des plantes et des arbres qui caract\u00e9risent la v\u00e9g\u00e9tation abondante et riche du Maroc mais aussi, des arbres et des plantes de toutes sortes en provenance des quatre coins du monde.<\/p>\n<p>Le jardin Anima comprend \u00e9galement des salles d\u2019exposition, d\u00e9di\u00e9es \u00e0 la culture et \u00e0 l\u2019art, dont l\u2019une sera toujours consacr\u00e9e \u00e0 Hanz Werner Geerdts, un peintre d\u2019origine allemande, d\u00e9c\u00e9d\u00e9 en 2013, qui a v\u00e9cu 55 ans \u00e0 la M\u00e9dina de Marrakech.<\/p>\n<p>Ce mus\u00e9e vivant comprend aussi un amphith\u00e9\u00e2tre pour les activit\u00e9s culturelles en relation avec l\u2019environnement ainsi qu\u2019une librairie.<\/p>\n<\/div>\n<p>Auteur: Meriem IGASS<br \/>\n<a href=\"http:\/\/www.mapmarrakech.ma\/fr\/le-jardin-botanique-anima-de-nouveau-ouvert-au-public\/\">Cliquez ici pour lire l&rsquo;article depuis sa source.<\/a><\/p>\n","protected":false},"excerpt":{"rendered":"<p>Marrakech \u2013 Le jardin botanique Anima, situ\u00e9 \u00e0 une vingtaine de kilom\u00e8tres de Marrakech, a rouvert jeudi, ses portes devant le public apr\u00e8s pr\u00e8s de 06 mois de fermeture en raison de la pand\u00e9mie de la Covid-19. Les responsables de ce jardin \u00e9cologique ont d\u00e9cid\u00e9 de d\u00e9dier cette premi\u00e8re journ\u00e9e \u00e0 la population locale afin [&hellip;]<\/p>\n","protected":false},"author":1788,"featured_media":0,"comment_status":"closed","ping_status":"closed","sticky":false,"template":"","format":"standard","meta":{"fifu_image_url":"","fifu_image_alt":"","footnotes":""},"categories":[54,76],"tags":[],"class_list":["post-100508","post","type-post","status-publish","format-standard","hentry","category-maroc","category-regions"],"_links":{"self":[{"href":"https:\/\/linitiative.ca\/International\/wp-json\/wp\/v2\/posts\/100508","targetHints":{"allow":["GET"]}}],"collection":[{"href":"https:\/\/linitiative.ca\/International\/wp-json\/wp\/v2\/posts"}],"about":[{"href":"https:\/\/linitiative.ca\/International\/wp-json\/wp\/v2\/types\/post"}],"author":[{"embeddable":true,"href":"https:\/\/linitiative.ca\/International\/wp-json\/wp\/v2\/users\/1788"}],"replies":[{"embeddable":true,"href":"https:\/\/linitiative.ca\/International\/wp-json\/wp\/v2\/comments?post=100508"}],"version-history":[{"count":0,"href":"https:\/\/linitiative.ca\/International\/wp-json\/wp\/v2\/posts\/100508\/revisions"}],"wp:attachment":[{"href":"https:\/\/linitiative.ca\/International\/wp-json\/wp\/v2\/media?parent=100508"}],"wp:term":[{"taxonomy":"category","embeddable":true,"href":"https:\/\/linitiative.ca\/International\/wp-json\/wp\/v2\/categories?post=100508"},{"taxonomy":"post_tag","embeddable":true,"href":"https:\/\/linitiative.ca\/International\/wp-json\/wp\/v2\/tags?post=100508"}],"curies":[{"name":"wp","href":"https:\/\/api.w.org\/{rel}","templated":true}]}}