{"id":100509,"date":"2020-10-01T12:24:30","date_gmt":"2020-10-01T16:24:30","guid":{"rendered":"https:\/\/linitiative.ca\/International\/reunion-dediee-aux-mesures-a-adopter-pour-la-promotion-du-tourisme\/"},"modified":"2020-10-01T12:24:30","modified_gmt":"2020-10-01T16:24:30","slug":"reunion-dediee-aux-mesures-a-adopter-pour-la-promotion-du-tourisme","status":"publish","type":"post","link":"https:\/\/linitiative.ca\/International\/reunion-dediee-aux-mesures-a-adopter-pour-la-promotion-du-tourisme\/","title":{"rendered":"R\u00e9union d\u00e9di\u00e9e aux mesures \u00e0 adopter pour la promotion du tourisme"},"content":{"rendered":"<div readability=\"39\">\n<p>Youssoufia \u2013 Une r\u00e9union de travail consacr\u00e9e \u00e0 l\u2019examen des mesures \u00e0 adopter en vue de la valorisation et de la promotion des potentialit\u00e9s touristiques de la province de Youssoufia, notamment via la cr\u00e9ation de circuits touristiques internes, a \u00e9t\u00e9 tenue, r\u00e9cemment, au si\u00e8ge de ladite province.<\/p>\n<\/div>\n<div readability=\"65\">\n<p>Lors cette r\u00e9union pr\u00e9sid\u00e9e par le gouverneur de la province, Mohamed Salem Essabti, les autorit\u00e9s provinciales ont appel\u00e9 \u00e0 la cr\u00e9ation d\u2019un comit\u00e9 technique compos\u00e9 de tous les services et instances concern\u00e9s, avec pour mission de tenir des r\u00e9unions r\u00e9guli\u00e8res dans les prochaines semaines, afin de parvenir \u00e0 l\u2019\u00e9laboration d\u2019une vision int\u00e9gr\u00e9e ainsi que d\u2019un plan d\u2019action \u00e0 long terme pour la promotion du secteur du tourisme dans la province de Youssoufia.<\/p>\n<p>Tenue en pr\u00e9sence notamment, du pr\u00e9sident du conseil provincial du tourisme (CPT), du directeur du Centre R\u00e9gional d\u2019Investissement (CRI), des autorit\u00e9s locales, des pr\u00e9sidents des collectivit\u00e9s territoriales, ainsi que des chefs des services ext\u00e9rieurs concern\u00e9s par le secteur, outre les acteurs de la soci\u00e9t\u00e9 civile, cette r\u00e9union a offert l\u2019opportunit\u00e9 \u00e9galement de passer en revue les diff\u00e9renes potentialit\u00e9s touristiques de la province, ainsi que les moyens \u00e0 m\u00eame de les valoriser et ce, dans la perspective de promouvoir le secteur dans cette partie du territoire national.<\/p>\n<p>La province de Youssoufia est dot\u00e9e de grandes potentialit\u00e9s touristiques dont, le Lac Zima, le douar Laassasla, la r\u00e9gion H\u2019mer, la mosqu\u00e9e et le mausol\u00e9e Sidi Chiker et le Site pr\u00e9historique et arch\u00e9ologique de Jbel Ighoud qui commence \u00e0 attirer l\u2019attention de toute la communaut\u00e9 scientifique internationale, gr\u00e2ce aux derni\u00e8res d\u00e9couvertes arch\u00e9ologiques de pertinence scientifique in\u00e9galable, augurant d\u2019un avenir prometteur pour ce site apte \u00e0 devenir une v\u00e9ritable destination pour le tourisme scientifique et culturel, rappelle-t-on.<\/p>\n<\/div>\n<p>Auteur: Meriem IGASS<br \/>\n<a href=\"http:\/\/www.mapmarrakech.ma\/fr\/reunion-consacree-aux-mesures-a-adopter-pour-la-promotion-du-tourisme\/\">Cliquez ici pour lire l&rsquo;article depuis sa source.<\/a><\/p>\n","protected":false},"excerpt":{"rendered":"<p>Youssoufia \u2013 Une r\u00e9union de travail consacr\u00e9e \u00e0 l\u2019examen des mesures \u00e0 adopter en vue de la valorisation et de la promotion des potentialit\u00e9s touristiques de la province de Youssoufia, notamment via la cr\u00e9ation de circuits touristiques internes, a \u00e9t\u00e9 tenue, r\u00e9cemment, au si\u00e8ge de ladite province. Lors cette r\u00e9union pr\u00e9sid\u00e9e par le gouverneur de [&hellip;]<\/p>\n","protected":false},"author":1788,"featured_media":0,"comment_status":"closed","ping_status":"closed","sticky":false,"template":"","format":"standard","meta":{"fifu_image_url":"","fifu_image_alt":"","footnotes":""},"categories":[54,76],"tags":[],"class_list":["post-100509","post","type-post","status-publish","format-standard","hentry","category-maroc","category-regions"],"_links":{"self":[{"href":"https:\/\/linitiative.ca\/International\/wp-json\/wp\/v2\/posts\/100509","targetHints":{"allow":["GET"]}}],"collection":[{"href":"https:\/\/linitiative.ca\/International\/wp-json\/wp\/v2\/posts"}],"about":[{"href":"https:\/\/linitiative.ca\/International\/wp-json\/wp\/v2\/types\/post"}],"author":[{"embeddable":true,"href":"https:\/\/linitiative.ca\/International\/wp-json\/wp\/v2\/users\/1788"}],"replies":[{"embeddable":true,"href":"https:\/\/linitiative.ca\/International\/wp-json\/wp\/v2\/comments?post=100509"}],"version-history":[{"count":0,"href":"https:\/\/linitiative.ca\/International\/wp-json\/wp\/v2\/posts\/100509\/revisions"}],"wp:attachment":[{"href":"https:\/\/linitiative.ca\/International\/wp-json\/wp\/v2\/media?parent=100509"}],"wp:term":[{"taxonomy":"category","embeddable":true,"href":"https:\/\/linitiative.ca\/International\/wp-json\/wp\/v2\/categories?post=100509"},{"taxonomy":"post_tag","embeddable":true,"href":"https:\/\/linitiative.ca\/International\/wp-json\/wp\/v2\/tags?post=100509"}],"curies":[{"name":"wp","href":"https:\/\/api.w.org\/{rel}","templated":true}]}}