{"id":100510,"date":"2020-10-01T12:34:39","date_gmt":"2020-10-01T16:34:39","guid":{"rendered":"https:\/\/linitiative.ca\/International\/plus-de-3-000-candidats-a-lexamen-regional-unifie-du-bac\/"},"modified":"2020-10-01T12:34:39","modified_gmt":"2020-10-01T16:34:39","slug":"plus-de-3-000-candidats-a-lexamen-regional-unifie-du-bac","status":"publish","type":"post","link":"https:\/\/linitiative.ca\/International\/plus-de-3-000-candidats-a-lexamen-regional-unifie-du-bac\/","title":{"rendered":"Plus de 3.000 candidats \u00e0 l\u2019examen r\u00e9gional unifi\u00e9 du Bac"},"content":{"rendered":"<div readability=\"35\">\n<p>Essaouira \u2013 Un total de 3.016 \u00e9l\u00e8ves passent l\u2019examen r\u00e9gional unifi\u00e9 de la premi\u00e8re ann\u00e9e du Baccalaur\u00e9at au titre de l\u2019ann\u00e9e 2019-2020 au niveau de la province d\u2019Essaouira, a indiqu\u00e9 la Direction provinciale de l\u2019Education nationale.<\/p>\n<\/div>\n<div readability=\"79\">\n<p>Ces candidats se sont pr\u00e9sent\u00e9s \u00e0 cette \u00e9preuve, qui se d\u00e9roule du 1er au 3 octobre, dans 13 centres d\u2019examens am\u00e9nag\u00e9s \u00e0 cet effet au niveau de la province, a pr\u00e9cis\u00e9 la m\u00eame source.<\/p>\n<p>Ainsi, la session ordinaire de cet examen r\u00e9gional se tient les 1er et 2 octobre pour les fili\u00e8res litt\u00e9raires, professionnelles et de l\u2019enseignement originel et les 2 et 3 octobre pour les fili\u00e8res scientifiques et techniques, souligne-t-on de m\u00eame source.<\/p>\n<p>Quant \u00e0 la session de rattrapage, elle aura lieu les 22 et 23 octobre pour l\u2019ensemble des branches et fili\u00e8res, a not\u00e9 la Direction provinciale.<\/p>\n<p>Dans une d\u00e9claration \u00e0 la MAP \u00e0 cette occasion, le Directeur provincial de l\u2019Education nationale, M. Nouredine El Aoufi Laghzaoui, a soulign\u00e9 que toutes les proc\u00e9dures d\u2019ordre organisationnel et les mesures sanitaires et de pr\u00e9vention pour enrayer la propagation du nouveau coronavirus (Covid-19) ont \u00e9t\u00e9 prises, en \u00e9troite coordination avec les autorit\u00e9s comp\u00e9tentes, dans tous les centres d\u2019examens, en vue d\u2019assurer le bon d\u00e9roulement de cette \u00e9ch\u00e9ance dans des conditions optimales et dans le strict respect du protocole sanitaire en vigueur et ce, conform\u00e9ment aux directives et orientations du minist\u00e8re de tutelle relatives \u00e0 l\u2019organisation des \u00e9preuves du baccalaur\u00e9at au titre de la session de 2020.<\/p>\n<p>Dans ce sens, M. Laghzaoui a indiqu\u00e9 qu\u2019une s\u00e9rie de r\u00e9unions ont \u00e9t\u00e9 tenues, avec la participation de l\u2019ensemble des parties concern\u00e9es par la mise en \u0153uvre et le respect total des mesures pr\u00e9conis\u00e9es, afin de veiller aux pr\u00e9paratifs et \u00e0 la bonne organisation de ces examens pour qu\u2019ils se d\u00e9roulent dans des conditions garantissant la s\u00e9curit\u00e9 sanitaire aussi bien des candidats que des cadres p\u00e9dagogiques et administratifs, surtout en cette conjoncture exceptionnelle que traverse le Royaume.<\/p>\n<p>Il a, en outre, tenu \u00e0 appeler l\u2019ensemble des candidats \u00e0 se conformer scrupuleusement aux mesures pr\u00e9ventives d\u00e9cr\u00e9t\u00e9es, tout en saluant la forte mobilisation et l\u2019engagement constant de toutes les parties prenantes, notamment de la famille de l\u2019\u00e9ducation \u00e0 l\u2019\u00e9chelle de la province d\u2019Essaouira, pour la r\u00e9ussite de cette importante \u00e9ch\u00e9ance.<\/p>\n<\/div>\n<p>Auteur: Meriem IGASS<br \/>\n<a href=\"http:\/\/www.mapmarrakech.ma\/fr\/plus-de-3-000-candidats-a-lexamen-regional-unifie-du-bac\/\">Cliquez ici pour lire l&rsquo;article depuis sa source.<\/a><\/p>\n","protected":false},"excerpt":{"rendered":"<p>Essaouira \u2013 Un total de 3.016 \u00e9l\u00e8ves passent l\u2019examen r\u00e9gional unifi\u00e9 de la premi\u00e8re ann\u00e9e du Baccalaur\u00e9at au titre de l\u2019ann\u00e9e 2019-2020 au niveau de la province d\u2019Essaouira, a indiqu\u00e9 la Direction provinciale de l\u2019Education nationale. Ces candidats se sont pr\u00e9sent\u00e9s \u00e0 cette \u00e9preuve, qui se d\u00e9roule du 1er au 3 octobre, dans 13 centres [&hellip;]<\/p>\n","protected":false},"author":1788,"featured_media":0,"comment_status":"closed","ping_status":"closed","sticky":false,"template":"","format":"standard","meta":{"fifu_image_url":"","fifu_image_alt":"","footnotes":""},"categories":[54,76],"tags":[],"class_list":["post-100510","post","type-post","status-publish","format-standard","hentry","category-maroc","category-regions"],"_links":{"self":[{"href":"https:\/\/linitiative.ca\/International\/wp-json\/wp\/v2\/posts\/100510","targetHints":{"allow":["GET"]}}],"collection":[{"href":"https:\/\/linitiative.ca\/International\/wp-json\/wp\/v2\/posts"}],"about":[{"href":"https:\/\/linitiative.ca\/International\/wp-json\/wp\/v2\/types\/post"}],"author":[{"embeddable":true,"href":"https:\/\/linitiative.ca\/International\/wp-json\/wp\/v2\/users\/1788"}],"replies":[{"embeddable":true,"href":"https:\/\/linitiative.ca\/International\/wp-json\/wp\/v2\/comments?post=100510"}],"version-history":[{"count":0,"href":"https:\/\/linitiative.ca\/International\/wp-json\/wp\/v2\/posts\/100510\/revisions"}],"wp:attachment":[{"href":"https:\/\/linitiative.ca\/International\/wp-json\/wp\/v2\/media?parent=100510"}],"wp:term":[{"taxonomy":"category","embeddable":true,"href":"https:\/\/linitiative.ca\/International\/wp-json\/wp\/v2\/categories?post=100510"},{"taxonomy":"post_tag","embeddable":true,"href":"https:\/\/linitiative.ca\/International\/wp-json\/wp\/v2\/tags?post=100510"}],"curies":[{"name":"wp","href":"https:\/\/api.w.org\/{rel}","templated":true}]}}