{"id":100520,"date":"2020-10-01T12:00:00","date_gmt":"2020-10-01T16:00:00","guid":{"rendered":"https:\/\/linitiative.ca\/International\/khazri-refuse-une-offre-du-club-qatari-al-khor\/"},"modified":"2020-10-01T12:00:00","modified_gmt":"2020-10-01T16:00:00","slug":"khazri-refuse-une-offre-du-club-qatari-al-khor","status":"publish","type":"post","link":"https:\/\/linitiative.ca\/International\/khazri-refuse-une-offre-du-club-qatari-al-khor\/","title":{"rendered":"Khazri refuse une offre du club qatari, Al-Khor"},"content":{"rendered":"<p class=\"p1 c3\"><span class=\"c2\"><span class=\"Apple-converted-space\">\u00a0<\/span>Le joueur tunisie, a d\u00e9clin\u00e9 l&rsquo;offre de la formation qatarienne, d\u00e9sormais entra\u00een\u00e9e par Fr\u00e9d\u00e9ric Hantz. Ryad Boudebouz a \u00e9t\u00e9 propos\u00e9 au m\u00eame club, qui n&rsquo;a pas donn\u00e9 suite. Al-Khor, le club qatari d\u00e9sormais entra\u00een\u00e9 par Fr\u00e9d\u00e9ric Hantz, a tent\u00e9 de convaincre Wahbi Khazri (29 ans) de le rejoindre.<span class=\"Apple-converted-space\">\u00a0<\/span><\/span><\/p>\n<p class=\"p1 c3\"><span class=\"c2\">Mais l&rsquo;ancien Bastiais, o\u00f9 Hantz l&rsquo;a entra\u00een\u00e9 (2010-2014), a d\u00e9clin\u00e9 l&rsquo;offre. Sous contrat jusqu&rsquo;au 30 juin 2022, l&rsquo;attaquant international tunisien esp\u00e8re trouver un projet au moins \u00e9quivalent \u00e0 celui de l&rsquo;AS Saint-\u00c9tienne avant le 5 octobre, date de la fermeture de ce mercato estival.<span class=\"Apple-converted-space\">\u00a0<\/span><\/span><\/p>\n<p class=\"p1 c3\"><span class=\"c2\">\u00c0 d\u00e9faut, il pourrait \u00eatre r\u00e9int\u00e9gr\u00e9 dans l&rsquo;effectif st\u00e9phanois apr\u00e8s cette date. Le meneur de jeu international alg\u00e9rien Ryad Boudebouz (30 ans, sous contrat jusqu&rsquo;en 2022) a, lui, \u00e9t\u00e9 propos\u00e9 \u00e0 Al-Khor.<span class=\"Apple-converted-space\">\u00a0<\/span><\/span><\/p>\n<p class=\"p1 c3\"><span class=\"c2\">Mais son profil ne correspond pas \u00e0 celui recherch\u00e9 par le club qatari.<\/span><\/p>\n<p>Auteur: letemps1<br \/>\n<a href=\"http:\/\/www.letemps.com.tn\/article\/117320\/khazri-refuse-une-offre-du-club-qatari-al-khor\">Cliquez ici pour lire l&rsquo;article depuis sa source.<\/a><\/p>\n","protected":false},"excerpt":{"rendered":"<p>\u00a0Le joueur tunisie, a d\u00e9clin\u00e9 l&rsquo;offre de la formation qatarienne, d\u00e9sormais entra\u00een\u00e9e par Fr\u00e9d\u00e9ric Hantz. Ryad Boudebouz a \u00e9t\u00e9 propos\u00e9 au m\u00eame club, qui n&rsquo;a pas donn\u00e9 suite. Al-Khor, le club qatari d\u00e9sormais entra\u00een\u00e9 par Fr\u00e9d\u00e9ric Hantz, a tent\u00e9 de convaincre Wahbi Khazri (29 ans) de le rejoindre.\u00a0 Mais l&rsquo;ancien Bastiais, o\u00f9 Hantz l&rsquo;a entra\u00een\u00e9 [&hellip;]<\/p>\n","protected":false},"author":1773,"featured_media":0,"comment_status":"closed","ping_status":"closed","sticky":false,"template":"","format":"standard","meta":{"fifu_image_url":"","fifu_image_alt":"","footnotes":""},"categories":[73,55],"tags":[],"class_list":["post-100520","post","type-post","status-publish","format-standard","hentry","category-actualite","category-tunisie"],"_links":{"self":[{"href":"https:\/\/linitiative.ca\/International\/wp-json\/wp\/v2\/posts\/100520","targetHints":{"allow":["GET"]}}],"collection":[{"href":"https:\/\/linitiative.ca\/International\/wp-json\/wp\/v2\/posts"}],"about":[{"href":"https:\/\/linitiative.ca\/International\/wp-json\/wp\/v2\/types\/post"}],"author":[{"embeddable":true,"href":"https:\/\/linitiative.ca\/International\/wp-json\/wp\/v2\/users\/1773"}],"replies":[{"embeddable":true,"href":"https:\/\/linitiative.ca\/International\/wp-json\/wp\/v2\/comments?post=100520"}],"version-history":[{"count":0,"href":"https:\/\/linitiative.ca\/International\/wp-json\/wp\/v2\/posts\/100520\/revisions"}],"wp:attachment":[{"href":"https:\/\/linitiative.ca\/International\/wp-json\/wp\/v2\/media?parent=100520"}],"wp:term":[{"taxonomy":"category","embeddable":true,"href":"https:\/\/linitiative.ca\/International\/wp-json\/wp\/v2\/categories?post=100520"},{"taxonomy":"post_tag","embeddable":true,"href":"https:\/\/linitiative.ca\/International\/wp-json\/wp\/v2\/tags?post=100520"}],"curies":[{"name":"wp","href":"https:\/\/api.w.org\/{rel}","templated":true}]}}