{"id":100521,"date":"2020-10-01T12:00:00","date_gmt":"2020-10-01T16:00:00","guid":{"rendered":"https:\/\/linitiative.ca\/International\/les-jeunes-et-les-nouvelles-recrues-a-loeuvre\/"},"modified":"2020-10-01T12:00:00","modified_gmt":"2020-10-01T16:00:00","slug":"les-jeunes-et-les-nouvelles-recrues-a-loeuvre","status":"publish","type":"post","link":"https:\/\/linitiative.ca\/International\/les-jeunes-et-les-nouvelles-recrues-a-loeuvre\/","title":{"rendered":"Les jeunes et les nouvelles recrues \u00e0 l\u2019\u0153uvre"},"content":{"rendered":"<p class=\"p1 c4\"><span class=\"c3\"><span class=\"c2\">L\u2019ASS a \u00e9t\u00e9 l\u2019une des premi\u00e8res \u00e9quipes \u00e0 reprendre le chemin du stade. Ainsi, les joueurs n\u2019ont eu que quelques jours de repos apr\u00e8s leur dernier match de championnat \u00e0 Metlaoui. Durant toute la semaine \u00e9coul\u00e9e, ils se sont entra\u00een\u00e9s sur la pelouse du stade de Soliman sous l\u2019\u0153il de leur entra\u00eeneur Sami Gafsi.<\/span><\/span><\/p>\n<p class=\"p1 c4\"><span class=\"c3\"><span class=\"c2\">Avant son d\u00e9placement \u00e0 Hammam Bourguiba pour effectuer un stage d\u2019avant-saison, l\u2019AS Soliman a disput\u00e9 mardi en apr\u00e8s-midi sa premi\u00e8re rencontre amicale. Face \u00e0 l\u2019AS Oued Ellil qui pr\u00e9pare \u00e9galement sa nouvelle saison en Ligue 2, les prot\u00e9g\u00e9s de Sami Gafsi se sont content\u00e9s d\u2019un match nul (1\/1). Le but solimanais a \u00e9t\u00e9 r\u00e9alis\u00e9 par Ghazi Hezami.<span class=\"Apple-converted-space\">\u00a0<\/span><\/span><\/span><\/p>\n<p class=\"p1 c4\"><span class=\"c3\"><span class=\"c2\">Lors de cette rencontre, le staff technique a compt\u00e9 sur les joueurs de la cat\u00e9gorie des \u00e9lites, des nouvelles recrues et des joueurs en tests.<span class=\"Apple-converted-space\">\u00a0<\/span><\/span><\/span><\/p>\n<p class=\"p2 c5\"><span class=\"c3\"><span class=\"c2\"><strong>Arfaoui reste<\/strong><\/span><\/span><\/p>\n<p class=\"p1 c4\"><span class=\"c3\"><span class=\"c2\">Annonc\u00e9 \u00e0 l\u2019EST puis au CA et m\u00eame \u00e0 l\u2019ESS, l\u2019attaquant Rached Arfaoui continuera son aventure sous les couleurs de l\u2019ASS. Apr\u00e8s longue r\u00e9flexion, il a d\u00e9cid\u00e9 de repousser les offres qui lui ont \u00e9t\u00e9 avanc\u00e9es, pour rester l\u00e0 o\u00f9 il a brill\u00e9 pour la premi\u00e8re saison de l\u2019ASS parmi l\u2019\u00e9lite.<\/span><\/span><\/p>\n<p class=\"p1 c4\"><span class=\"c3\"><span class=\"c2\">Arfaoui buteur de l\u2019\u00e9quipe avec 7 buts en championnat lors de la saison qui vient de se terminer, esp\u00e8re mieux faire lors de la prochaine<\/span><\/span><\/p>\n<p class=\"p2 c5\"><span class=\"c3\"><span class=\"c2\"><strong>Recrue<span class=\"Apple-converted-space\">\u00a0<\/span><\/strong><\/span><\/span><\/p>\n<p class=\"p1 c4\"><span class=\"c3\"><span class=\"c2\">Walid Jellad pr\u00e9sident du club a sign\u00e9 mardi le contrat d\u2019un nouveau joueur. Il s\u2019agit de l\u2019attaquant de l\u2019ES Beni Khiar Hmida Essid, buteur de la Ligue 3 avec 16 buts \u00e0 son compte qui portera le maillot de l\u2019ASS pour les trois prochaines saisons.<span class=\"Apple-converted-space\">\u00a0<\/span><\/span><\/span><\/p>\n<p class=\"p2 c5\"><span class=\"c3\"><span class=\"c2\"><strong>Prolongement<span class=\"Apple-converted-space\">\u00a0<\/span><\/strong><\/span><\/span><\/p>\n<p class=\"p1 c4\"><span class=\"c3\"><span class=\"c2\">Dans le cadre de la consolidation de l\u2019effectif de l\u2019\u00e9quipe senior, les responsables de l\u2019ASS viennent de renouveler le contrat de leur d\u00e9fenseur Hamza Letifi pour 3 nouvelles saisons. Il restera \u00e0 Soliman jusqu\u2019au 30 juin 2023.<\/span><\/span><\/p>\n<p class=\"p2 c5\"><span class=\"c3\"><span class=\"c2\"><strong>Zouabi arrive<\/strong><\/span><\/span><\/p>\n<p class=\"p1 c4\"><span class=\"c3\"><span class=\"c2\">Le staff technique de l\u2019ASS vient d\u2019enregistrer l\u2019arriv\u00e9e de Mohamed Zouabi ancien gardien de but de l\u2019OB et de l\u2019EST. Il sera l\u2019entra\u00eeneur des gardiens de l\u2019\u00e9quipe pour le nouvel exercice. Autre arriv\u00e9e au sein du staff technique, celle de Hafedh Chammakhi d\u00e9sign\u00e9 entra\u00eeneur adjoint de l\u2019\u00e9quipe professionnelle aux c\u00f4t\u00e9s de Sami Gafsi qui a b\u00e9n\u00e9fici\u00e9 de la confiance du comit\u00e9 directeur.<\/span><\/span><\/p>\n<p class=\"p3 c6\"><span class=\"c3\"><span class=\"c2\"><strong>M.R<\/strong><\/span><\/span><\/p>\n<p>Auteur: letemps1<br \/>\n<a href=\"http:\/\/www.letemps.com.tn\/article\/117321\/les-jeunes-et-les-nouvelles-recrues-%C3%A0-l%E2%80%99%C5%93uvre\">Cliquez ici pour lire l&rsquo;article depuis sa source.<\/a><\/p>\n","protected":false},"excerpt":{"rendered":"<p>L\u2019ASS a \u00e9t\u00e9 l\u2019une des premi\u00e8res \u00e9quipes \u00e0 reprendre le chemin du stade. Ainsi, les joueurs n\u2019ont eu que quelques jours de repos apr\u00e8s leur dernier match de championnat \u00e0 Metlaoui. Durant toute la semaine \u00e9coul\u00e9e, ils se sont entra\u00een\u00e9s sur la pelouse du stade de Soliman sous l\u2019\u0153il de leur entra\u00eeneur Sami Gafsi. Avant [&hellip;]<\/p>\n","protected":false},"author":1773,"featured_media":0,"comment_status":"closed","ping_status":"closed","sticky":false,"template":"","format":"standard","meta":{"fifu_image_url":"","fifu_image_alt":"","footnotes":""},"categories":[73,55],"tags":[],"class_list":["post-100521","post","type-post","status-publish","format-standard","hentry","category-actualite","category-tunisie"],"_links":{"self":[{"href":"https:\/\/linitiative.ca\/International\/wp-json\/wp\/v2\/posts\/100521","targetHints":{"allow":["GET"]}}],"collection":[{"href":"https:\/\/linitiative.ca\/International\/wp-json\/wp\/v2\/posts"}],"about":[{"href":"https:\/\/linitiative.ca\/International\/wp-json\/wp\/v2\/types\/post"}],"author":[{"embeddable":true,"href":"https:\/\/linitiative.ca\/International\/wp-json\/wp\/v2\/users\/1773"}],"replies":[{"embeddable":true,"href":"https:\/\/linitiative.ca\/International\/wp-json\/wp\/v2\/comments?post=100521"}],"version-history":[{"count":0,"href":"https:\/\/linitiative.ca\/International\/wp-json\/wp\/v2\/posts\/100521\/revisions"}],"wp:attachment":[{"href":"https:\/\/linitiative.ca\/International\/wp-json\/wp\/v2\/media?parent=100521"}],"wp:term":[{"taxonomy":"category","embeddable":true,"href":"https:\/\/linitiative.ca\/International\/wp-json\/wp\/v2\/categories?post=100521"},{"taxonomy":"post_tag","embeddable":true,"href":"https:\/\/linitiative.ca\/International\/wp-json\/wp\/v2\/tags?post=100521"}],"curies":[{"name":"wp","href":"https:\/\/api.w.org\/{rel}","templated":true}]}}