{"id":100523,"date":"2020-10-01T12:00:00","date_gmt":"2020-10-01T16:00:00","guid":{"rendered":"https:\/\/linitiative.ca\/International\/ou-sont-passes-les-joueurs-titulaires\/"},"modified":"2020-10-01T12:00:00","modified_gmt":"2020-10-01T16:00:00","slug":"ou-sont-passes-les-joueurs-titulaires","status":"publish","type":"post","link":"https:\/\/linitiative.ca\/International\/ou-sont-passes-les-joueurs-titulaires\/","title":{"rendered":"O\u00f9 sont pass\u00e9s les joueurs titulaires\u00a0?"},"content":{"rendered":"<p class=\"p1 c3\"><span class=\"c2\">Le CAB est de retour aux entra\u00eenements. 40 joueurs ont \u00e9t\u00e9 convoqu\u00e9s pour une premi\u00e8re s\u00e9ance sous la conduite de Mokhtar Trabelsi assist\u00e9 de Zied Laroussi et Nabil Antar. Ce trio a \u00e9t\u00e9 charg\u00e9 provisoirement pour assurer l\u2019int\u00e9rim en attendant la d\u00e9signation d\u2019un entra\u00eeneur pour la nouvelle saison apr\u00e8s le d\u00e9part de Ka\u00efsY acoubi.<span class=\"Apple-converted-space\">\u00a0<\/span><\/span><\/p>\n<p class=\"p2 c4\"><span class=\"c2\"><strong>Le tr\u00e9sorier au four<span class=\"Apple-converted-space\">\u00a0<\/span><\/strong><\/span><\/p>\n<p class=\"p2 c4\"><span class=\"c2\"><strong>et au moulin<\/strong><\/span><\/p>\n<p class=\"p1 c3\"><span class=\"c2\">Le d\u00e9part du vice pr\u00e9sident Eymen Ezzine et du secr\u00e9taire g\u00e9n\u00e9ral Lamjed Belkahia a laiss\u00e9 un grand vide au sein du bureau directeur r\u00e9duit \u00e0 sa plus simple expression, puisque c\u2019est le tr\u00e9sorier Hichem Allouche qui se charge de diriger les rouages du club, sous les directives de Abdesselam Sa\u00efdani toujours en France. Une situation des plus d\u00e9licates \u00e0 laquelle les anciens dirigeants et le comit\u00e9 des sages n\u2019a pu \u00e0 ce jour lui trouver une solution.<\/span><\/p>\n<p class=\"p3 c5\">\u00a0<\/p>\n<p class=\"p2 c4\"><span class=\"c2\"><strong>Absences en cascade\u00a0!<\/strong><\/span><\/p>\n<p class=\"p1 c3\"><span class=\"c2\">La liste des convoqu\u00e9s \u00e0 la reprise des entra\u00eenements est constitu\u00e9e dans sa majorit\u00e9 par des jeunes joueurs de la cat\u00e9gorie des \u00e9lites en plus de certains joueurs qui ont jou\u00e9 jusqu\u2019\u00e0 la derni\u00e8re journ\u00e9e \u00e0 Tataouine, dont Mouhib Aouina, Othman<span class=\"Apple-converted-space\">\u00a0<\/span> Sa\u00efdi, Mohamed Mehouachi, Taieb Ben Zitoun, Gabriel Kack, AlaDridi, Ely\u00e9sDridi, Khalil Balbouz.<\/span><\/p>\n<p class=\"p1 c3\"><span class=\"c2\">Par contre bien d\u2019autres n\u2019ont pas \u00e9t\u00e9 invit\u00e9s \u00e0 cette reprise \u00e0 l\u2019instar du capitaine de l\u2019\u00e9quipe Habib Yaken, les d\u00e9fenseurs, Wissem Bousnina, Maroune Sahraoui, Ali Machani, les joueurs du milieu HalimDarragi, Youssoufa Mb\u00e9gu\u00e9, Fehmi Ma\u00e2ouani et les attaquants Adem Reja\u00efbi et Zied Ounelli et le gardien Ali Ayari. Plusieurs parmi ces joueurs sont d\u00e9j\u00e0 partis sous d\u2019autres couleurs, alors que d\u2019autres s\u2019appr\u00eatent \u00e0 le faire apr\u00e8s avoir d\u00e9pos\u00e9 des plaintes aupr\u00e8s de la commission des Litiges de la FTF pour demander la rupture unilat\u00e9rale de leur contrat du fait qu\u2019ils n\u2019ont plus \u00e9t\u00e9 pay\u00e9s depuis plus de 6 mois.<span class=\"Apple-converted-space\">\u00a0<\/span><\/span><\/p>\n<p class=\"p2 c4\"><span class=\"c2\"><strong>Quel entra\u00eeneur\u00a0?<\/strong><\/span><\/p>\n<p class=\"p1 c3\"><span class=\"c2\">A l\u2019heure actuelle, le pr\u00e9sident du club ne cesse depuis sa r\u00e9sidence en France de multiplier les contacts avec plusieurs techniciens pour d\u00e9signer l\u2019un d\u2019entre eux \u00e0 la t\u00eate du staff technique de l\u2019\u00e9quipe. Mais ses efforts sont rest\u00e9s vains dans la mesure o\u00f9 aucun parmi les entra\u00eeneurs approch\u00e9s n\u2019a voulu prendre le risque de s\u2019occuper des affaires techniques d\u2019une \u00e9quipe dont les horizons sont sombres.<span class=\"Apple-converted-space\">\u00a0 \u00a0 \u00a0 \u00a0 \u00a0 \u00a0 \u00a0 \u00a0 \u00a0 \u00a0 \u00a0 \u00a0 \u00a0 \u00a0 \u00a0 \u00a0 \u00a0 \u00a0 \u00a0 \u00a0 \u00a0 \u00a0 \u00a0 \u00a0 \u00a0 \u00a0 \u00a0 \u00a0 \u00a0 \u00a0 \u00a0 \u00a0 \u00a0 \u00a0 \u00a0 \u00a0 \u00a0 \u00a0 \u00a0 \u00a0<\/span> Hichem<\/span><\/p>\n<p>Auteur: letemps1<br \/>\n<a href=\"http:\/\/www.letemps.com.tn\/article\/117323\/o%C3%B9-sont-pass%C3%A9s-les-joueurs-titulaires%C2%A0\">Cliquez ici pour lire l&rsquo;article depuis sa source.<\/a><\/p>\n","protected":false},"excerpt":{"rendered":"<p>Le CAB est de retour aux entra\u00eenements. 40 joueurs ont \u00e9t\u00e9 convoqu\u00e9s pour une premi\u00e8re s\u00e9ance sous la conduite de Mokhtar Trabelsi assist\u00e9 de Zied Laroussi et Nabil Antar. Ce trio a \u00e9t\u00e9 charg\u00e9 provisoirement pour assurer l\u2019int\u00e9rim en attendant la d\u00e9signation d\u2019un entra\u00eeneur pour la nouvelle saison apr\u00e8s le d\u00e9part de Ka\u00efsY acoubi.\u00a0 Le [&hellip;]<\/p>\n","protected":false},"author":1773,"featured_media":0,"comment_status":"closed","ping_status":"closed","sticky":false,"template":"","format":"standard","meta":{"fifu_image_url":"","fifu_image_alt":"","footnotes":""},"categories":[73,55],"tags":[],"class_list":["post-100523","post","type-post","status-publish","format-standard","hentry","category-actualite","category-tunisie"],"_links":{"self":[{"href":"https:\/\/linitiative.ca\/International\/wp-json\/wp\/v2\/posts\/100523","targetHints":{"allow":["GET"]}}],"collection":[{"href":"https:\/\/linitiative.ca\/International\/wp-json\/wp\/v2\/posts"}],"about":[{"href":"https:\/\/linitiative.ca\/International\/wp-json\/wp\/v2\/types\/post"}],"author":[{"embeddable":true,"href":"https:\/\/linitiative.ca\/International\/wp-json\/wp\/v2\/users\/1773"}],"replies":[{"embeddable":true,"href":"https:\/\/linitiative.ca\/International\/wp-json\/wp\/v2\/comments?post=100523"}],"version-history":[{"count":0,"href":"https:\/\/linitiative.ca\/International\/wp-json\/wp\/v2\/posts\/100523\/revisions"}],"wp:attachment":[{"href":"https:\/\/linitiative.ca\/International\/wp-json\/wp\/v2\/media?parent=100523"}],"wp:term":[{"taxonomy":"category","embeddable":true,"href":"https:\/\/linitiative.ca\/International\/wp-json\/wp\/v2\/categories?post=100523"},{"taxonomy":"post_tag","embeddable":true,"href":"https:\/\/linitiative.ca\/International\/wp-json\/wp\/v2\/tags?post=100523"}],"curies":[{"name":"wp","href":"https:\/\/api.w.org\/{rel}","templated":true}]}}