{"id":100524,"date":"2020-10-01T12:00:00","date_gmt":"2020-10-01T16:00:00","guid":{"rendered":"https:\/\/linitiative.ca\/International\/en-attendant-mbappe-zidane-garde-la-meme-equipe\/"},"modified":"2020-10-01T12:00:00","modified_gmt":"2020-10-01T16:00:00","slug":"en-attendant-mbappe-zidane-garde-la-meme-equipe","status":"publish","type":"post","link":"https:\/\/linitiative.ca\/International\/en-attendant-mbappe-zidane-garde-la-meme-equipe\/","title":{"rendered":"En attendant Mbapp\u00e9, Zidane garde la m\u00eame \u00e9quipe"},"content":{"rendered":"<p class=\"p1 c3\"><span class=\"c2\">Le pr\u00e9sident du Real Madrid, Florentino P\u00e9rez, fait du transfert de Kylian Mbapp\u00e9 son objectif principal en 2021. En attendant, le club n\u2019effectuera aucun achat et Zidane devra faire avec les m\u00eames joueurs qui ont ont gagn\u00e9 la Liga de la saison \u00e9coul\u00e9e.<\/span><\/p>\n<p class=\"p1 c3\"><span class=\"c2\">Avec un nul et une victoire difficile, la machine du Real Madrid signe un d\u00e9but de saison pas trop digne d\u2019un champion d\u2019Espagne en titre. L\u2019entra\u00eeneur Zinedine Zidane ne dispose pas d\u2019une grande star en attaque, mais son pr\u00e9sident Florentino P\u00e9rez le somme de patienter en attendant l\u203aarriv\u00e9e de Kylian Mbapp\u00e9, r\u00e9v\u00e8le le portail\u00a0Eurosport\u00a0ce mardi 29 septembre.<\/span><\/p>\n<p class=\"p1 c3\"><span class=\"c2\">Prenant son mal en patience, le Real verra l\u2019animation en attaque assur\u00e9e par le duo Karim Benzema et Luka Jovic. Et pour cause, P\u00e9rez n\u2019envisage pas de d\u00e9penser un seul euro pour s\u2019offrir un autre attaquant, surtout dans un contexte de crise caus\u00e9e par l\u2019impact par la pand\u00e9mie du Covid-19.<\/span><\/p>\n<p class=\"p1 c3\"><span class=\"c2\">Par ailleurs, le Real compte investir massivement dans le r\u00e9am\u00e9nagement du stade Santiago-Bernabeu dans le but d\u2019augmenter ses recettes \u00e0 l\u2019instar de grosse cylindr\u00e9es comme le PSG ou Manchester City. Zidane devra donc patienter jusqu\u2019en 2021 pour boucler le transfert de Mbapp\u00e9. Ce dernier a d\u00e9j\u00e0 pr\u00e9venu ses dirigeants qu\u2019il n\u2019avait pas l\u2019intention de renouveler son contrat. Et qu\u2019il envisagerait de quitter le PSG l\u2019\u00e9t\u00e9 prochain, en 2021, saison au bout de laquelle le champion de France sera contraint de n\u00e9gocier son transfert s\u2019il veut r\u00e9cup\u00e9rer une indemnit\u00e9 de transfert.<\/span><\/p>\n<p class=\"p1 c3\"><span class=\"c2\">En misant tout sur Kylian Mbapp\u00e9, le Real projette d\u2019assurer la rel\u00e8ve de Karim Benzema, bient\u00f4t \u00e2g\u00e9 de 33 ans. Mieux, l\u2019attaquant parisien \u00aba \u00e9t\u00e9 choisi pour mettre le nouveau Bernab\u00e9u sur pied\u00bb, rapporte-t-on de sources proches du club.<\/span><\/p>\n<p>Auteur: letemps1<br \/>\n<a href=\"http:\/\/www.letemps.com.tn\/article\/117324\/en-attendant-mbapp%C3%A9-zidane-garde-la-m%C3%AAme-%C3%A9quipe\">Cliquez ici pour lire l&rsquo;article depuis sa source.<\/a><\/p>\n","protected":false},"excerpt":{"rendered":"<p>Le pr\u00e9sident du Real Madrid, Florentino P\u00e9rez, fait du transfert de Kylian Mbapp\u00e9 son objectif principal en 2021. En attendant, le club n\u2019effectuera aucun achat et Zidane devra faire avec les m\u00eames joueurs qui ont ont gagn\u00e9 la Liga de la saison \u00e9coul\u00e9e. Avec un nul et une victoire difficile, la machine du Real Madrid [&hellip;]<\/p>\n","protected":false},"author":1773,"featured_media":0,"comment_status":"closed","ping_status":"closed","sticky":false,"template":"","format":"standard","meta":{"fifu_image_url":"","fifu_image_alt":"","footnotes":""},"categories":[73,55],"tags":[],"class_list":["post-100524","post","type-post","status-publish","format-standard","hentry","category-actualite","category-tunisie"],"_links":{"self":[{"href":"https:\/\/linitiative.ca\/International\/wp-json\/wp\/v2\/posts\/100524","targetHints":{"allow":["GET"]}}],"collection":[{"href":"https:\/\/linitiative.ca\/International\/wp-json\/wp\/v2\/posts"}],"about":[{"href":"https:\/\/linitiative.ca\/International\/wp-json\/wp\/v2\/types\/post"}],"author":[{"embeddable":true,"href":"https:\/\/linitiative.ca\/International\/wp-json\/wp\/v2\/users\/1773"}],"replies":[{"embeddable":true,"href":"https:\/\/linitiative.ca\/International\/wp-json\/wp\/v2\/comments?post=100524"}],"version-history":[{"count":0,"href":"https:\/\/linitiative.ca\/International\/wp-json\/wp\/v2\/posts\/100524\/revisions"}],"wp:attachment":[{"href":"https:\/\/linitiative.ca\/International\/wp-json\/wp\/v2\/media?parent=100524"}],"wp:term":[{"taxonomy":"category","embeddable":true,"href":"https:\/\/linitiative.ca\/International\/wp-json\/wp\/v2\/categories?post=100524"},{"taxonomy":"post_tag","embeddable":true,"href":"https:\/\/linitiative.ca\/International\/wp-json\/wp\/v2\/tags?post=100524"}],"curies":[{"name":"wp","href":"https:\/\/api.w.org\/{rel}","templated":true}]}}