{"id":100542,"date":"2020-10-01T11:13:27","date_gmt":"2020-10-01T15:13:27","guid":{"rendered":"https:\/\/linitiative.ca\/International\/110405-nouveau-stade-d-oran-la-refection-de-la-pelouse-presque-achevee-avec-succes\/"},"modified":"2020-10-01T11:13:27","modified_gmt":"2020-10-01T15:13:27","slug":"110405-nouveau-stade-d-oran-la-refection-de-la-pelouse-presque-achevee-avec-succes","status":"publish","type":"post","link":"https:\/\/linitiative.ca\/International\/110405-nouveau-stade-d-oran-la-refection-de-la-pelouse-presque-achevee-avec-succes\/","title":{"rendered":"Nouveau stade d&rsquo;Oran: la r\u00e9fection de la pelouse presque achev\u00e9e"},"content":{"rendered":"<div readability=\"42\">\n<p><strong>ORAN- Les travaux de r\u00e9fection de la pelouse hybride du stade de 40.000 places d\u2019Oran, qui a perdu sa verdure il y a quelques semaines, touchent \u00e0 leur fin, \u00ab\u00a0tout en donnant des r\u00e9sultats tr\u00e8s satisfaisants\u00a0\u00bb, a indiqu\u00e9, jeudi \u00e0 l\u2019APS, Farid Boussa\u00e2d, responsable de l\u2019entreprise charg\u00e9e de la pose de la pelouse.<\/strong><\/p>\n<\/div>\n<div readability=\"85.956413004645\">\n<p>\u00ab\u00a0D\u00e9sormais, la pelouse est dans un tr\u00e8s bon \u00e9tat. Elle a retrouv\u00e9 toute sa verdure, apr\u00e8s avoir \u00e9t\u00e9 s\u00e9rieusement affect\u00e9e par la qualit\u00e9 d\u00e9grad\u00e9e de l\u2019eau utilis\u00e9e pour son arrosage. Elle sera encore meilleure dans les jours \u00e0 venir\u00a0\u00bb, a d\u00e9clar\u00e9 ce responsable.<\/p>\n<blockquote readability=\"10\">\n<p><strong><em>\u00ab\u00a0Je me suis engag\u00e9 pour tout remettre dans l\u2019ordre en l\u2019espace de deux \u00e0 trois semaines et Dieu merci, j\u2019ai tenu ma promesse. Le fait d\u2019avoir r\u00e9agi rapidement en d\u00e9tectant l\u2019origine du probl\u00e8me, nous a aid\u00e9s \u00e0 r\u00e9tablir la situation\u00a0\u00bb, a-t-il soulign\u00e9.<\/em><\/strong><\/p>\n<\/blockquote>\n<p>Les images d\u2019un gazon qui a jauni, et ce, quelques semaines seulement apr\u00e8s avoir pris une belle couleur verte, ont fait le buzz sur les r\u00e9seaux sociaux. Un \u00e9tat de fait ayant d\u00e9\u00e7u le public sportif qui \u00e9tait s\u00e9duit par la qualit\u00e9 de la pelouse du nouveau stade d\u2019Oran.<\/p>\n<p>Le responsable de l\u2019entreprise charg\u00e9e de la pose de cette pelouse avait imput\u00e9 ce changement \u00ab\u00a0aux perturbations enregistr\u00e9es dans l\u2019alimentation en eau par les services de la soci\u00e9t\u00e9 de l\u2019eau et de l\u2019assainissement d\u2019Oran (Seor), ce qui a conduit \u00e0 exploiter au maximum l\u2019eau conserv\u00e9e dans la b\u00e2che de la r\u00e9serve, dont la partie basse contenait un taux de chlorure tr\u00e8s concentr\u00e9\u00a0\u00bb.<\/p>\n<p>Pour y rem\u00e9dier, il a \u00e9t\u00e9 d\u00e9cid\u00e9 de recourir \u00e0 l\u2019eau de forage dont dispose le stade, \u00ab\u00a0une op\u00e9ration ayant donn\u00e9 ses fruits, comme l\u2019atteste l\u2019\u00e9tat actuel de l\u2019herbe qui a retrouv\u00e9 toute sa splendeur\u00a0\u00bb, s\u2019est r\u00e9joui Boussa\u00e2d.<\/p>\n<hr\/>\n<h3 class=\"itemTitle\">Lire aussi:\u00a0<a href=\"http:\/\/www.aps.dz\/sport\/109827-nouveau-stade-d-oran-la-pelouse-retrouve-peu-a-peu-sa-verdure\" target=\"_blank\" rel=\"noopener noreferrer\">Nouveau stade d\u2019Oran: la pelouse retrouve peu \u00e0 peu sa verdure<\/a><\/h3>\n<hr\/>\n<p>N\u00e9anmoins, il s\u2019agit l\u00e0, selon le m\u00eame interlocuteur, \u00ab\u00a0d\u2019une solution provisoire, car les capacit\u00e9s de forage ne permettent pas d\u2019assurer un arrosage continuel du gazon\u00a0\u00bb.<\/p>\n<blockquote readability=\"10\">\n<p><em><strong>\u00ab\u00a0Je vais solliciter le ma\u00eetre d\u2019ouvrage pour provoquer une r\u00e9union avec tous les intervenants dans les meilleurs d\u00e9lais, afin de trouver la meilleure solution pour assurer l\u2019irrigation de la pelouse par une eau de qualit\u00e9 et \u00e9viter par l\u00e0 m\u00eame que le m\u00eame sc\u00e9nario d\u2019il y a quelques semaines ne se reproduise\u00a0\u00bb, a-t-il encore inform\u00e9.<\/strong><\/em><\/p>\n<\/blockquote>\n<p>La pelouse, dont le co\u00fbt est estim\u00e9 \u00e0 170 millions DA (17 milliards de centimes) n\u2019a pas encore \u00e9t\u00e9 r\u00e9ceptionn\u00e9e d\u2019une mani\u00e8re officielle, tout comme le stade dont les travaux ont atteint un taux d\u2019avancement estim\u00e9 \u00e0 95%.<\/p>\n<p>Cet \u00e9quipement, situ\u00e9 dans la commune de Bir El Djir (Est d\u2019Oran) fait partie d\u2019un ensemble de structures relevant d\u2019un complexe sportif compos\u00e9 \u00e9galement d\u2019une salle omnisports, d\u2019un stade d\u2019athl\u00e9tisme et d\u2019un centre nautique de trois piscines. L\u2019ouvrage devra \u00eatre achev\u00e9 au cours du premier semestre de l\u2019ann\u00e9e 2021 en pr\u00e9vision de la 19e \u00e9dition des Jeux m\u00e9diterran\u00e9ens, pr\u00e9vue \u00e0 Oran du 25 juin au 5 juillet 2022, rappelle-t-on.<\/p>\n<\/div>\n<p>Auteur:<br \/>\n<a href=\"http:\/\/www.aps.dz\/sport\/110405-nouveau-stade-d-oran-la-refection-de-la-pelouse-presque-achevee-avec-succes?utm_source=feedburner&#038;utm_medium=feed&#038;utm_campaign=Feed%3A+aps-sport+%28APS+-+SPORT%29\">Cliquez ici pour lire l&rsquo;article depuis sa source.<\/a><\/p>\n","protected":false},"excerpt":{"rendered":"<p>ORAN- Les travaux de r\u00e9fection de la pelouse hybride du stade de 40.000 places d\u2019Oran, qui a perdu sa verdure il y a quelques semaines, touchent \u00e0 leur fin, \u00ab\u00a0tout en donnant des r\u00e9sultats tr\u00e8s satisfaisants\u00a0\u00bb, a indiqu\u00e9, jeudi \u00e0 l\u2019APS, Farid Boussa\u00e2d, responsable de l\u2019entreprise charg\u00e9e de la pose de la pelouse. \u00ab\u00a0D\u00e9sormais, la [&hellip;]<\/p>\n","protected":false},"author":1790,"featured_media":0,"comment_status":"closed","ping_status":"closed","sticky":false,"template":"","format":"standard","meta":{"fifu_image_url":"","fifu_image_alt":"","footnotes":""},"categories":[53,75],"tags":[],"class_list":["post-100542","post","type-post","status-publish","format-standard","hentry","category-algerie","category-sport"],"_links":{"self":[{"href":"https:\/\/linitiative.ca\/International\/wp-json\/wp\/v2\/posts\/100542","targetHints":{"allow":["GET"]}}],"collection":[{"href":"https:\/\/linitiative.ca\/International\/wp-json\/wp\/v2\/posts"}],"about":[{"href":"https:\/\/linitiative.ca\/International\/wp-json\/wp\/v2\/types\/post"}],"author":[{"embeddable":true,"href":"https:\/\/linitiative.ca\/International\/wp-json\/wp\/v2\/users\/1790"}],"replies":[{"embeddable":true,"href":"https:\/\/linitiative.ca\/International\/wp-json\/wp\/v2\/comments?post=100542"}],"version-history":[{"count":0,"href":"https:\/\/linitiative.ca\/International\/wp-json\/wp\/v2\/posts\/100542\/revisions"}],"wp:attachment":[{"href":"https:\/\/linitiative.ca\/International\/wp-json\/wp\/v2\/media?parent=100542"}],"wp:term":[{"taxonomy":"category","embeddable":true,"href":"https:\/\/linitiative.ca\/International\/wp-json\/wp\/v2\/categories?post=100542"},{"taxonomy":"post_tag","embeddable":true,"href":"https:\/\/linitiative.ca\/International\/wp-json\/wp\/v2\/tags?post=100542"}],"curies":[{"name":"wp","href":"https:\/\/api.w.org\/{rel}","templated":true}]}}