{"id":100567,"date":"2020-10-01T12:29:59","date_gmt":"2020-10-01T16:29:59","guid":{"rendered":"https:\/\/linitiative.ca\/International\/hassan-bargach-nous-esperons-vivement-une-ouverture-partielle-des-frontieres-aeriennes-le-10-octobre\/"},"modified":"2020-10-01T12:29:59","modified_gmt":"2020-10-01T16:29:59","slug":"hassan-bargach-nous-esperons-vivement-une-ouverture-partielle-des-frontieres-aeriennes-le-10-octobre","status":"publish","type":"post","link":"https:\/\/linitiative.ca\/International\/hassan-bargach-nous-esperons-vivement-une-ouverture-partielle-des-frontieres-aeriennes-le-10-octobre\/","title":{"rendered":"Hassan Bargach : \u00ab Nous esp\u00e9rons vivement une ouverture partielle des fronti\u00e8res a\u00e9riennes le 10 octobre \u00bb"},"content":{"rendered":"<p><strong>Le Conseil r\u00e9gional du tourisme (CRT) de la r\u00e9gion de Rabat-Sal\u00e9-Kenitra multiplie les initiatives en vue de la reprise rapide de l\u2019activit\u00e9. Hassan Bargach, pr\u00e9sident du CRT, fait le point sur la situation du secteur dans la r\u00e9gion et revient aussi sur les initiatives engag\u00e9es ces derni\u00e8res semaines.<\/strong><\/p>\n<div class=\"c10\"\/>\n<p><strong>Challenge:<\/strong> <strong>Quelle est la situation des op\u00e9rateurs au niveau de la r\u00e9gion pr\u00e8s de 7 mois apr\u00e8s l\u2019apparition de la pand\u00e9mie\u00a0?<\/strong><\/p>\n<p><strong>Hassan Bargach:<\/strong> Le secteur au niveau de la r\u00e9gion est sinistr\u00e9 depuis le 16 mars. Durant ce mois, il y a eu quelques h\u00f4tels qui ont continu\u00e9 \u00e0 travailler car ils ont pu recevoir quelques clients \u00e9trangers pris en charge par leurs ambassades dans l\u2019attente de leur rapatriement dans leurs pays d\u2019origine. Il s\u2019agissait notamment de ressortissants du Moyen-Orient ayant s\u00e9journ\u00e9 jusqu\u2019\u00e0 fin avril. Cela a permis \u00e0 ces h\u00f4tels de maintenir un semblant d\u2019activit\u00e9 pendant cette p\u00e9riode. D\u2019autres h\u00f4tels ont fait du remplissage avec les m\u00e9decins venus des autres r\u00e9gions que l\u2019Etat a d\u00e9cid\u00e9 de loger dans les h\u00f4tels pour leur \u00e9viter des aller-et-retour inutiles. Mais, apr\u00e8s le mois d\u2019avril, ce fut le calme plat. Tous les h\u00f4tels \u00e9taient ferm\u00e9s jusqu\u2019en juin. Ce n\u2019est qu\u2019\u00e0 partir du 20 juin, marqu\u00e9 par la r\u00e9ouverture des villes, que l\u2019activit\u00e9 a pu reprendre peu \u00e0 peu gr\u00e2ce \u00e0 des campagnes de communication et de promotion lanc\u00e9es par certaines enseignes. Le mois de juillet et ao\u00fbt ont \u00e9t\u00e9 marqu\u00e9s par une reprise lente de l\u2019activit\u00e9 dans le respect strict des mesures sanitaires. Le secteur \u00e9tait \u00e0 95% de baisse et a pu pass\u00e9 \u00e0 90% de baisse. Esp\u00e9rons que d\u2019ici l\u00e0 que nous pourrons atteindre 50%.<\/p>\n<p><strong>Lire aussi | <a href=\"https:\/\/www.challenge.ma\/maroc-le-deficit-budgetaire-maitrise-selon-la-cour-des-comptes-document-159197\/\">Maroc : le d\u00e9ficit budg\u00e9taire ma\u00eetris\u00e9, selon la Cour des Comptes [Document]<\/a><\/strong><\/p>\n<p><strong>Challenge : Est-ce que la d\u00e9cision de laisser une certaine cat\u00e9gorie de ressortissants \u00e9trangers venir au Maroc sous certaines conditions a eu un impact sur le secteur dans votre r\u00e9gion\u00a0?<\/strong><\/p>\n<p><strong>HB:<\/strong> C\u2019est une bonne d\u00e9cision de la part du gouvernement, mais malheureusement, cela reste insuffisant dans la conjoncture actuelle. L\u2019impact de cette mesure n\u2019a pas vraiment \u00e9t\u00e9 ressenti dans notre r\u00e9gion. Comme vous le savez, pour voyager, il faut faire des pr\u00e9visions, or la situation actuelle ne permet pas de pr\u00e9voir parce qu\u2019il y a beaucoup d\u2019incertitudes. Du coup, m\u00eame les touristes europ\u00e9ens qui peuvent se permettre de venir, ne viennent pas, parce qu\u2019ils ne savent pas s\u2019ils pourront se retourner chez eux apr\u00e8s, car les fronti\u00e8res peuvent \u00eatre referm\u00e9es \u00e0 tous moments.<\/p>\n<p><strong>Lire aussi| <a href=\"https:\/\/www.challenge.ma\/preference-nationale-laccueil-timide-de-nombre-dindustriels-159191\/\">Pr\u00e9f\u00e9rence nationale\u00a0: l\u2019engouement mitig\u00e9 de nombre d\u2019industriels<\/a><\/strong><\/p>\n<p><strong>Challenge: Quelles sont les actions que le CRT m\u00e8ne actuellement en vue d\u2019une reprise rapide de l\u2019activit\u00e9 touristique dans la r\u00e9gion\u00a0?<\/strong><\/p>\n<p><strong>HB:<\/strong> Il n\u2019y a aucune visibilit\u00e9 pour le moment, donc tout ce que nous avons, c\u2019est de l\u2019espoir. Tant qu\u2019il n\u2019y a pas de vaccin, la situation sera difficile. Il faut encore attendre. Je suis de tr\u00e8s pr\u00e8s toutes les informations relatives \u00e0 la pand\u00e9mie, \u00e0 sa progression dans la r\u00e9gion de Rabat, etc. Je peux dire que la situation est tr\u00e8s bien ma\u00eetris\u00e9e, mais il faut attendre et garder patience. N\u00e9anmoins, nous menons des actions d\u00e9j\u00e0 pour anticiper la suite.<\/p>\n<p>Dans ce sens, le Conseil r\u00e9gional du tourisme va lancer d\u2019ici le 15 octobre une campagne d\u2019envergure qui va cibler la client\u00e8le nationale. La ville de Rabat n\u2019a jamais \u00e9t\u00e9 per\u00e7ue comme une ville touristique et aujourd\u2019hui nous comptons changer cette perception et mettre en avant tous les atouts de notre r\u00e9gion \u00e0 travers le canal digital et les canaux traditionnels. Tout ceci dans le respect du positionnement de notre ville qui est \u00ab\u00a0Rabat, ville lumi\u00e8re, ville culturelle\u00a0\u00bb. La m\u00e9dina et les monuments de la ville sont en train d\u2019\u00eatre r\u00e9habilit\u00e9s compl\u00e8tement, donc il y a beaucoup de choses qui sont en cours et qui changeront le visage de la ville.<\/p>\n<p>Cette campagne s\u2019inscrit dans le cadre d\u2019une convention sign\u00e9e entre le CRT et l\u2019ONMT, qui nous a donn\u00e9s une dotation assez cons\u00e9quente pour faire conna\u00eetre nos produits au niveau national. Je sais que sans l\u2019ouverture des fronti\u00e8res a\u00e9riennes, la situation va demeurer compliqu\u00e9e, mais pour le moment, et vu qu\u2019il n\u2019y a aucune visibilit\u00e9 sur ce plan, nous faisons avec ce que nous avons. Les choses restent vraiment compliqu\u00e9es parce que je pense que si les autorit\u00e9s pouvaient ouvrir les fronti\u00e8res a\u00e9riennes, elles l\u2019auraient d\u00e9j\u00e0 fait depuis. Le virus est tr\u00e8s virulent et n\u2019est pas encore ma\u00eetris\u00e9, m\u00eame au niveau mondial. Mais toutefois, nous esp\u00e9rons vivement une ouverture partielle des fronti\u00e8res a\u00e9riennes le 10 octobre.<\/p>\n<p>Auteur: challenge<br \/>\n<a href=\"https:\/\/www.challenge.ma\/hassan-bargach-nous-esperons-vivement-une-ouverture-partielle-des-frontieres-aeriennes-le-10-octobre-159261\/\">Cliquez ici pour lire l&rsquo;article depuis sa source.<\/a><\/p>\n","protected":false},"excerpt":{"rendered":"<p>Le Conseil r\u00e9gional du tourisme (CRT) de la r\u00e9gion de Rabat-Sal\u00e9-Kenitra multiplie les initiatives en vue de la reprise rapide de l\u2019activit\u00e9. Hassan Bargach, pr\u00e9sident du CRT, fait le point sur la situation du secteur dans la r\u00e9gion et revient aussi sur les initiatives engag\u00e9es ces derni\u00e8res semaines. Challenge: Quelle est la situation des op\u00e9rateurs [&hellip;]<\/p>\n","protected":false},"author":1787,"featured_media":0,"comment_status":"closed","ping_status":"closed","sticky":false,"template":"","format":"standard","meta":{"fifu_image_url":"","fifu_image_alt":"","footnotes":""},"categories":[78,54],"tags":[],"class_list":["post-100567","post","type-post","status-publish","format-standard","hentry","category-economie","category-maroc"],"_links":{"self":[{"href":"https:\/\/linitiative.ca\/International\/wp-json\/wp\/v2\/posts\/100567","targetHints":{"allow":["GET"]}}],"collection":[{"href":"https:\/\/linitiative.ca\/International\/wp-json\/wp\/v2\/posts"}],"about":[{"href":"https:\/\/linitiative.ca\/International\/wp-json\/wp\/v2\/types\/post"}],"author":[{"embeddable":true,"href":"https:\/\/linitiative.ca\/International\/wp-json\/wp\/v2\/users\/1787"}],"replies":[{"embeddable":true,"href":"https:\/\/linitiative.ca\/International\/wp-json\/wp\/v2\/comments?post=100567"}],"version-history":[{"count":0,"href":"https:\/\/linitiative.ca\/International\/wp-json\/wp\/v2\/posts\/100567\/revisions"}],"wp:attachment":[{"href":"https:\/\/linitiative.ca\/International\/wp-json\/wp\/v2\/media?parent=100567"}],"wp:term":[{"taxonomy":"category","embeddable":true,"href":"https:\/\/linitiative.ca\/International\/wp-json\/wp\/v2\/categories?post=100567"},{"taxonomy":"post_tag","embeddable":true,"href":"https:\/\/linitiative.ca\/International\/wp-json\/wp\/v2\/tags?post=100567"}],"curies":[{"name":"wp","href":"https:\/\/api.w.org\/{rel}","templated":true}]}}