{"id":100594,"date":"2020-10-01T12:51:29","date_gmt":"2020-10-01T16:51:29","guid":{"rendered":"https:\/\/linitiative.ca\/International\/cameroun-les-maires-recoivent-leurs-arrieres-de-salaire\/"},"modified":"2020-10-01T12:51:29","modified_gmt":"2020-10-01T16:51:29","slug":"cameroun-les-maires-recoivent-leurs-arrieres-de-salaire","status":"publish","type":"post","link":"https:\/\/linitiative.ca\/International\/cameroun-les-maires-recoivent-leurs-arrieres-de-salaire\/","title":{"rendered":"Cameroun : les maires re\u00e7oivent leurs arri\u00e9r\u00e9s de salaire"},"content":{"rendered":"<p>Les magistrats municipaux \u00e9lus au terme du double scrutin l\u00e9gislatif et municipal du 09 f\u00e9vrier peuvent disposer de leurs salaires. Ceux-ci ont \u00e9t\u00e9 \u00ab\u00a0vir\u00e9s dans leurs comptes depuis le 21 septembre 2020\u00a0\u00bb, fait savoir le ministre de la D\u00e9centralisation et du d\u00e9veloppement local (Minddevel), pr\u00e9cisant par la m\u00eame occasion qu\u2019il s\u2019agit des salaires de la p\u00e9riode de mars \u00e0 ao\u00fbt 2020.<\/p>\n<p>Tout le monde n\u2019est pas servi, fait savoir le ministre. Deux groupes de maires se retrouvent dans cette situation. Il s\u2019agit de ceux ayant d\u00e9pos\u00e9 des dossiers aux fins de recevoir leurs paye mais qui doivent fournir des documents compl\u00e9mentaires. D\u2019un autre c\u00f4t\u00e9 se trouvent des \u00e9lus locaux n\u2019ayant pas d\u00e9pos\u00e9 de demande de r\u00e9mun\u00e9ration.<\/p>\n<p><strong>Lire aussi<\/strong> : <a href=\"https:\/\/ecomatin.net\/le-feicom-allege-de-10-la-dette-des-communes\/\">Le Feicom all\u00e8ge de 10% la dette des communes<\/a><\/p>\n<p>Les \u00e9moluments viennent mettre un terme \u00e0 une p\u00e9riode d\u2019attente de six mois. Les maires de la mandature 2020-2025 sont salaire depuis leur entr\u00e9e en fonction. L\u2019affaire avait \u00e9t\u00e9 port\u00e9e \u00e0 l\u2019attention de l\u2019opinion publique par le premier adjoint au maire de Monat\u00e9l\u00e9 (r\u00e9gion du Centre). Dans un message du 5 septembre dernier \u00e0 l\u2019endroit des autres membres des ex\u00e9cutifs communaux, Celestin Bedzigui faisait part d\u2019une note circonstancielle qu\u2019il avait adress\u00e9e au chef de l\u2019Etat pour \u00ab\u00a0l\u2019informer des difficult\u00e9s et des risques encourus dans la mise en \u0153uvre de la d\u00e9centralisation qu\u2019\u00e0 aider le Minddevel dans les difficiles tractations que nous pensons qu\u2019il a avec le minist\u00e8re des Finances et le Feicom [Fonds sp\u00e9cial d\u2019\u00e9quipement et d\u2019intervention communale, Ndlr]\u00bb.<\/p>\n<p><strong>Lire aussi<\/strong> : <a href=\"https:\/\/ecomatin.net\/communautes-urbaines-les-dessous-de-la-nomination-des-receveurs-municipaux\/\">Communaut\u00e9s \u00a0urbaines\u00a0: les dessous de la nomination des receveurs municipaux<\/a><\/p>\n<p>Depuis le 16 septembre 2015, un d\u00e9cret du pr\u00e9sident de la R\u00e9publique fixe la r\u00e9mun\u00e9ration des maires et des d\u00e9l\u00e9gu\u00e9s aupr\u00e8s des communaut\u00e9s urbaines. Les premiers b\u00e9n\u00e9ficient d\u2019une paye mensuelle de \u00a0250 000 Francs CFA tandis que pour le deuxi\u00e8me groupe, le montant est de 400 000 Francs CFA\/ Les adjoints aux maires sont r\u00e9mun\u00e9r\u00e9s \u00e0 hauteur de 150 000 Francs tandis que les collaborateurs imm\u00e9diats des d\u00e9l\u00e9gu\u00e9s touchent 200 000 Francs CFA.<\/p>\n<p>Les sommes y relatives sont fournies au travers de la dotation g\u00e9n\u00e9rale de la d\u00e9centralisation que fixe la loi de finances au d\u00e9but de chaque exercice. Elle est de 49,9\u00a0 milliards de Francs CFA pour l\u2019ann\u00e9e en cours, soit 1% du budget de l\u2019Etat, repartie entre 13,9 milliards de Francs CFA de dotation g\u00e9n\u00e9rale d\u2019investissement et 36 milliards de Francs CFA de dotation g\u00e9n\u00e9rale de fonctionnement. De cette derni\u00e8re est tir\u00e9e De cette derni\u00e8re d\u00e9pend le traitement des personnels des collectivit\u00e9s territoriales d\u00e9centralis\u00e9s et des \u00e9lus.<\/p>\n<p><strong>Lire aussi<\/strong> : <a href=\"https:\/\/ecomatin.net\/le-feicom-a-mobilise-178-milliards-de-fcfa-de-recettes-en-2019\/\">Le Feicom a d\u00e9j\u00e0 mobilis\u00e9 178 milliards de FCFA de recettes en 2019<\/a><\/p>\n<p>Pourtant, il aura fallu attendre le courant de l\u2019ann\u00e9e 2017 pour que les magistrats municipaux puissent b\u00e9n\u00e9ficier de leurs premiers salaires. Courant avril 2017, Soit deux ans apr\u00e8s le d\u00e9cret pr\u00e9sidentiel, le gouvernement avait proc\u00e9d\u00e9 au virement des sommes comptant pour le premier trimestre de l\u2019ann\u00e9e. Le comit\u00e9 charg\u00e9 du suivi des proc\u00e9dures y relatives avait trait\u00e9 pour la cause, plus de 1305 dossiers.\u00a0<\/p>\n<div class=\"awac-wrapper awac widget posts-list-widget-11\">\n<h4 class=\"widget-title\">Le plus r\u00e9cent<\/h4>\n<\/div>\n<p>Auteur: Eco Matin<br \/>\n<a href=\"https:\/\/ecomatin.net\/cameroun-les-maires-recoivent-leurs-arrieres-de-salaire\/\">Cliquez ici pour lire l&rsquo;article depuis sa source.<\/a><\/p>\n","protected":false},"excerpt":{"rendered":"<p>Les magistrats municipaux \u00e9lus au terme du double scrutin l\u00e9gislatif et municipal du 09 f\u00e9vrier peuvent disposer de leurs salaires. Ceux-ci ont \u00e9t\u00e9 \u00ab\u00a0vir\u00e9s dans leurs comptes depuis le 21 septembre 2020\u00a0\u00bb, fait savoir le ministre de la D\u00e9centralisation et du d\u00e9veloppement local (Minddevel), pr\u00e9cisant par la m\u00eame occasion qu\u2019il s\u2019agit des salaires de la [&hellip;]<\/p>\n","protected":false},"author":1969,"featured_media":0,"comment_status":"closed","ping_status":"closed","sticky":false,"template":"","format":"standard","meta":{"fifu_image_url":"","fifu_image_alt":"","footnotes":""},"categories":[82,78],"tags":[],"class_list":["post-100594","post","type-post","status-publish","format-standard","hentry","category-cameroun","category-economie"],"_links":{"self":[{"href":"https:\/\/linitiative.ca\/International\/wp-json\/wp\/v2\/posts\/100594","targetHints":{"allow":["GET"]}}],"collection":[{"href":"https:\/\/linitiative.ca\/International\/wp-json\/wp\/v2\/posts"}],"about":[{"href":"https:\/\/linitiative.ca\/International\/wp-json\/wp\/v2\/types\/post"}],"author":[{"embeddable":true,"href":"https:\/\/linitiative.ca\/International\/wp-json\/wp\/v2\/users\/1969"}],"replies":[{"embeddable":true,"href":"https:\/\/linitiative.ca\/International\/wp-json\/wp\/v2\/comments?post=100594"}],"version-history":[{"count":0,"href":"https:\/\/linitiative.ca\/International\/wp-json\/wp\/v2\/posts\/100594\/revisions"}],"wp:attachment":[{"href":"https:\/\/linitiative.ca\/International\/wp-json\/wp\/v2\/media?parent=100594"}],"wp:term":[{"taxonomy":"category","embeddable":true,"href":"https:\/\/linitiative.ca\/International\/wp-json\/wp\/v2\/categories?post=100594"},{"taxonomy":"post_tag","embeddable":true,"href":"https:\/\/linitiative.ca\/International\/wp-json\/wp\/v2\/tags?post=100594"}],"curies":[{"name":"wp","href":"https:\/\/api.w.org\/{rel}","templated":true}]}}