{"id":100613,"date":"2020-10-02T13:03:28","date_gmt":"2020-10-02T17:03:28","guid":{"rendered":"https:\/\/linitiative.ca\/International\/les-plasticiens-meriem-et-mohamed-lyes-chaouane-exposent-a-alger\/"},"modified":"2020-10-02T13:03:28","modified_gmt":"2020-10-02T17:03:28","slug":"les-plasticiens-meriem-et-mohamed-lyes-chaouane-exposent-a-alger","status":"publish","type":"post","link":"https:\/\/linitiative.ca\/International\/les-plasticiens-meriem-et-mohamed-lyes-chaouane-exposent-a-alger\/","title":{"rendered":"Les plasticiens Meriem et Mohamed Lyes Chaouane exposent \u00e0 Alger"},"content":{"rendered":"<p><span class=\"sp-nh-title\">Lancement officiel samedi du Fonds de financement des start-up lanc\u00e9<\/span> &#8211; <span class=\"sp-nh-date\">vendredi 2 octobre 2020 17:40<\/span><\/p>\n<p><span class=\"sp-nh-title\">Sommet sur la biodiversit\u00e9: la Communaut\u00e9 internationale appel\u00e9e \u00e0 concr\u00e9tiser les objectifs de la CDB<\/span> &#8211; <span class=\"sp-nh-date\">vendredi 2 octobre 2020 17:34<\/span><\/p>\n<p><span class=\"sp-nh-title\">La Conf\u00e9rence nationale des startups s\u2019ouvre samedi \u00e0 Alger: l\u2019annonce d\u2019importantes mesures au menu<\/span> &#8211; <span class=\"sp-nh-date\">vendredi 2 octobre 2020 17:31<\/span><\/p>\n<p><span class=\"sp-nh-title\">Des rafales de vent sur cinq wilayas c\u00f4ti\u00e8res<\/span> &#8211; <span class=\"sp-nh-date\">vendredi 2 octobre 2020 17:29<\/span><\/p>\n<p><span class=\"sp-nh-title\">Des averses de pluie sur des wilayas c\u00f4ti\u00e8res \u00e0 partir de vendredi<\/span> &#8211; <span class=\"sp-nh-date\">vendredi 2 octobre 2020 17:26<\/span><\/p>\n<p><span class=\"sp-nh-title\">Mali: les autorit\u00e9s de transition s\u2019engagent \u00e0 acc\u00e9l\u00e9rer la mise en \u0153uvre de l\u2019Accord d\u2019Alger<\/span> &#8211; <span class=\"sp-nh-date\">vendredi 2 octobre 2020 17:19<\/span><\/p>\n<p><span class=\"sp-nh-title\">Ghali n&rsquo;\u00e9carte pas une r\u00e9it\u00e9ration du sc\u00e9nario Gdeim Izik \u00e0 Guerguerat<\/span> &#8211; <span class=\"sp-nh-date\">vendredi 2 octobre 2020 17:13<\/span><\/p>\n<p><span class=\"sp-nh-title\">D&rsquo;importantes affectations financi\u00e8res en faveur des zones d&rsquo;ombre en 2021<\/span> &#8211; <span class=\"sp-nh-date\">vendredi 2 octobre 2020 16:35<\/span><\/p>\n<p><span class=\"sp-nh-title\">Rapatriement de migrants clandestins dans le strict respect des trait\u00e9s internationaux<\/span> &#8211; <span class=\"sp-nh-date\">vendredi 2 octobre 2020 16:11<\/span><\/p>\n<p><span class=\"sp-nh-title\">La Journ\u00e9e de vulgarisation agricole une occasion pour la mise en \u0153uvre de la feuille de route du secteur<\/span> &#8211; <span class=\"sp-nh-date\">vendredi 2 octobre 2020 15:35<\/span><\/p>\n<p><span class=\"sp-nh-title\">Education nationale: report sine die de la rentr\u00e9e scolaire<\/span> &#8211; <span class=\"sp-nh-date\">jeudi 1 octobre 2020 21:48<\/span><\/p>\n<p><span class=\"sp-nh-title\">Kirikou: les \u00e9tablissements du secteur exhort\u00e9s \u00e0 ins\u00e9rer les personnes \u00e2g\u00e9es dans la vie sociale<\/span> &#8211; <span class=\"sp-nh-date\">jeudi 1 octobre 2020 21:43<\/span><\/p>\n<p><span class=\"sp-nh-title\">CN: adoption \u00e0 l&rsquo;unanimit\u00e9 de l&rsquo;accord portant cr\u00e9ation de la ZLECAF<\/span> &#8211; <span class=\"sp-nh-date\">jeudi 1 octobre 2020 21:23<\/span><\/p>\n<p><span class=\"sp-nh-title\">6e \u00e9dition du Prix du Pr\u00e9sident de la R\u00e9publique du journaliste professionnel<\/span> &#8211; <span class=\"sp-nh-date\">jeudi 1 octobre 2020 21:20<\/span><\/p>\n<p><span class=\"sp-nh-title\">Le Secr\u00e9taire am\u00e9ricain \u00e0 la D\u00e9fense se recueille \u00e0 la m\u00e9moire des martyrs<\/span> &#8211; <span class=\"sp-nh-date\">jeudi 1 octobre 2020 21:17<\/span><\/p>\n<p><span class=\"sp-nh-title\">Travaux publics: d\u00e9doublement des RN, une priorit\u00e9 pour le secteur<\/span> &#8211; <span class=\"sp-nh-date\">jeudi 1 octobre 2020 21:12<\/span><\/p>\n<p><span class=\"sp-nh-title\">Mali: l&rsquo;accord de paix et de r\u00e9conciliation est la base du r\u00e8glement de la crise<\/span> &#8211; <span class=\"sp-nh-date\">jeudi 1 octobre 2020 21:02<\/span><\/p>\n<p><span class=\"sp-nh-title\">Covid19: l\u2019Alg\u00e9rie a gagn\u00e9 la bataille, mais la vigilance est toujours de mise<\/span> &#8211; <span class=\"sp-nh-date\">jeudi 1 octobre 2020 20:54<\/span><\/p>\n<p><span class=\"sp-nh-title\">La Constitution accorde une importance \u00e0 la participation de la soci\u00e9t\u00e9 civile dans l\u2019\u00e9dification d\u2019un Etat fort<\/span> &#8211; <span class=\"sp-nh-date\">jeudi 1 octobre 2020 20:51<\/span><\/p>\n<p><span class=\"sp-nh-title\">R\u00e9vision des lois sur l\u2019urbanisme: large participation de la soci\u00e9t\u00e9 civile<\/span> &#8211; <span class=\"sp-nh-date\">jeudi 1 octobre 2020 20:42<\/span><\/p>\n<p>Auteur:<br \/>\n<a href=\"http:\/\/www.aps.dz\/culture\/110435-les-plasticiens-meriem-et-mohamed-lyes-chaouane-exposent-a-alger\">Cliquez ici pour lire l&rsquo;article depuis sa source.<\/a><\/p>\n","protected":false},"excerpt":{"rendered":"<p>Lancement officiel samedi du Fonds de financement des start-up lanc\u00e9 &#8211; vendredi 2 octobre 2020 17:40 Sommet sur la biodiversit\u00e9: la Communaut\u00e9 internationale appel\u00e9e \u00e0 concr\u00e9tiser les objectifs de la CDB &#8211; vendredi 2 octobre 2020 17:34 La Conf\u00e9rence nationale des startups s\u2019ouvre samedi \u00e0 Alger: l\u2019annonce d\u2019importantes mesures au menu &#8211; vendredi 2 octobre [&hellip;]<\/p>\n","protected":false},"author":1790,"featured_media":0,"comment_status":"closed","ping_status":"closed","sticky":false,"template":"","format":"standard","meta":{"fifu_image_url":"","fifu_image_alt":"","footnotes":""},"categories":[53,79],"tags":[],"class_list":["post-100613","post","type-post","status-publish","format-standard","hentry","category-algerie","category-culture"],"_links":{"self":[{"href":"https:\/\/linitiative.ca\/International\/wp-json\/wp\/v2\/posts\/100613","targetHints":{"allow":["GET"]}}],"collection":[{"href":"https:\/\/linitiative.ca\/International\/wp-json\/wp\/v2\/posts"}],"about":[{"href":"https:\/\/linitiative.ca\/International\/wp-json\/wp\/v2\/types\/post"}],"author":[{"embeddable":true,"href":"https:\/\/linitiative.ca\/International\/wp-json\/wp\/v2\/users\/1790"}],"replies":[{"embeddable":true,"href":"https:\/\/linitiative.ca\/International\/wp-json\/wp\/v2\/comments?post=100613"}],"version-history":[{"count":0,"href":"https:\/\/linitiative.ca\/International\/wp-json\/wp\/v2\/posts\/100613\/revisions"}],"wp:attachment":[{"href":"https:\/\/linitiative.ca\/International\/wp-json\/wp\/v2\/media?parent=100613"}],"wp:term":[{"taxonomy":"category","embeddable":true,"href":"https:\/\/linitiative.ca\/International\/wp-json\/wp\/v2\/categories?post=100613"},{"taxonomy":"post_tag","embeddable":true,"href":"https:\/\/linitiative.ca\/International\/wp-json\/wp\/v2\/tags?post=100613"}],"curies":[{"name":"wp","href":"https:\/\/api.w.org\/{rel}","templated":true}]}}