{"id":100627,"date":"2020-10-02T13:23:18","date_gmt":"2020-10-02T17:23:18","guid":{"rendered":"https:\/\/linitiative.ca\/International\/sonelgaz-accords-de-fusion-absorption-de-3-filiales-par-shariket-kahraba-skikda\/"},"modified":"2020-10-02T13:23:18","modified_gmt":"2020-10-02T17:23:18","slug":"sonelgaz-accords-de-fusion-absorption-de-3-filiales-par-shariket-kahraba-skikda","status":"publish","type":"post","link":"https:\/\/linitiative.ca\/International\/sonelgaz-accords-de-fusion-absorption-de-3-filiales-par-shariket-kahraba-skikda\/","title":{"rendered":"Sonelgaz: accords de fusion-absorption de 3 filiales par Shariket Kahraba Skikda"},"content":{"rendered":"<div readability=\"41\">\n<p><strong>ALGER &#8211; Des trait\u00e9s de fusion-absorption et des accords de transferts du personnel des soci\u00e9t\u00e9s filiales de Sonelgaz, SKT-SKD-SKB, par la soci\u00e9t\u00e9 SKS, d\u00e9tenue \u00e0 51% par Sonelgaz et 49% par Sonatrach, ont \u00e9t\u00e9 sign\u00e9s, jeudi \u00e0 Alger, en vue de permettre une meilleure r\u00e9organisation de l&rsquo;activit\u00e9 de production de l&rsquo;\u00e9lectricit\u00e9 et une r\u00e9duction des couts de gestion \u00e0 la lumi\u00e8re de la crise financi\u00e8re actuelle.<\/strong><\/p>\n<\/div>\n<div readability=\"101.88480392157\">\n<p>Les accords et les trait\u00e9s ont \u00e9t\u00e9 sign\u00e9s au si\u00e8ge de l&rsquo;Institut de formation de l&rsquo;\u00e9lectricit\u00e9 et du gaz de Ben Aknoun par les dirigeants de la Shariket Kahraba Terga (SKT), de Shariket Kahraba Koudiat Eddraouch (SKD) et de Shariket Kahraba Berrouaghia (SKB) ainsi que par les secr\u00e9taires g\u00e9n\u00e9raux de la F\u00e9d\u00e9ration nationale des travailleurs industries \u00e9lectriques et gazi\u00e8res et de la F\u00e9d\u00e9ration nationale des travailleurs du p\u00e9trole, du gaz et de la chimie.<\/p>\n<p>Dans une allocution lors de la c\u00e9r\u00e9monie de signature de ces contrats, qui s&rsquo;est d\u00e9roul\u00e9e en pr\u00e9sence du P-dg de Sonatrach, Hakim Hekkar, ainsi que de plusieurs responsables des filiales et cadres du secteur \u00e9nerg\u00e9tique, le Pr\u00e9sident directeur g\u00e9n\u00e9ral (P-dg) du Groupe Sonelgaz, Chaher Boulakhras a affirm\u00e9 que ces op\u00e9rations de fusion des trois entreprises en une seule soci\u00e9t\u00e9 de production d&rsquo;\u00e9lectricit\u00e9 visent d&rsquo;abord \u00e0 r\u00e9duire le nombre des filiales et \u00e0 conf\u00e9rer \u00e0 Shariket Kahraba Skikda un \u00ab\u00a0nouveau souffle pour trouver de nouveaux march\u00e9s d&rsquo;exportations d&rsquo;\u00e9lectricit\u00e9\u00a0\u00bb.<\/p>\n<p>Cette op\u00e9ration de r\u00e9organisation s&rsquo;inscrit, a-t-il pr\u00e9cis\u00e9, dans le cadre de la politique de recentrage des moyens et des ressources humaines en vue d&rsquo;affronter les changements intervenus dans le domaine de la production \u00e9lectrique.<\/p>\n<blockquote readability=\"10\">\n<p><em><strong>La nouvelle filiale de Sonelgaz est appel\u00e9e, selon M. Boulakhras, \u00e0 devenir la deuxi\u00e8me soci\u00e9t\u00e9 de production \u00e9lectrique en Alg\u00e9rie aux c\u00f4t\u00e9s de la Soci\u00e9t\u00e9 alg\u00e9rienne de production de l&rsquo;\u00e9lectricit\u00e9 (SPE) cr\u00e9\u00e9e en 2004 apr\u00e8s la promulgation de la loi sur l&rsquo;\u00e9lectricit\u00e9 N 02-01 relative \u00e0 la l&rsquo;\u00e9lectricit\u00e9 et \u00e0 la distribution du gaz par canalisation.<\/strong><\/em><\/p>\n<\/blockquote>\n<p>Le groupe Sonelgaz vise aussi \u00e0 travers cette politique de recentrage de ses ressources et moyens de permettre \u00e0 la nouvelle entreprise d&rsquo;investir le secteur des \u00e9nergies renouvelables, a tenu \u00e0 faire savoir son P-dg.<\/p>\n<hr\/>\n<h3>Lire aussi:\u00a0<a href=\"http:\/\/www.aps.dz\/economie\/110083-sonelgaz-garantir-un-contact-direct-avec-les-investisseurs-pour-leur-assurer-des-prestations-de-qualite\" target=\"_blank\" rel=\"noopener noreferrer\">Sonelgaz : Un contact direct avec les investisseurs pour leur assurer des prestations de qualit\u00e9<\/a><\/h3>\n<hr\/>\n<p>Pour sa part, le P-dg de Sonatrach, Toufik Hekkar, s&rsquo;est f\u00e9licit\u00e9 de la concr\u00e9tisation de cette op\u00e9ration de fusion, affirmant que cette r\u00e9organisation des filiales de Sonelgaz dont 49% des parts sociales sont d\u00e9tenues par la compagnie nationale des hydrocarbures va permettre de rationnaliser les d\u00e9penses et de renforcer les moyens de production surtout en cette conjoncture financi\u00e8re qualifi\u00e9e de \u00ab\u00a0difficile\u00a0\u00bb et de \u00ab\u00a0sensible\u00a0\u00bb.<\/p>\n<p>Le Secr\u00e9taire g\u00e9n\u00e9ral de la F\u00e9d\u00e9ration nationale des travailleurs des industries \u00e9lectriques et gazi\u00e8res (FNTIEG), Achour Telli, a fait \u00e9tat, pour sa part, de sa satisfaction quant \u00e0 cette fusion-absorption et des accords de transfert du personnel, assurant que les droits et les acquis sociaux des employ\u00e9s des filiales concern\u00e9es demeureront pr\u00e9serv\u00e9s.<\/p>\n<p>Dans le m\u00eame ordre d&rsquo;id\u00e9es, le secr\u00e9taire g\u00e9n\u00e9ral de la F\u00e9d\u00e9ration nationale des travailleurs du p\u00e9trole, du gaz et de la chimie, Hamou Touahria, a \u00e9voqu\u00e9 la naissance \u00e0 travers cette r\u00e9organisation d&rsquo;une \u00ab\u00a0grande entreprise\u00a0\u00bb d&rsquo;\u00e9lectricit\u00e9 estimant que l&rsquo;op\u00e9ration profitera aussi bien aux travailleurs qu&rsquo;\u00e0 l&rsquo;Alg\u00e9rie qui ambitionne de d\u00e9velopper l&rsquo;exportation de l&rsquo;\u00e9nergie \u00e9lectrique notamment aupr\u00e8s des pays voisins.<\/p>\n<p>Selon le programme pr\u00e9sent\u00e9 \u00e0 l&rsquo;occasion autour du processus de fusion-absorption des SKT-SKD-SKB par la soci\u00e9t\u00e9 SKS, cette op\u00e9ration a pris en consid\u00e9ration tous les aspects afin de permettre une transition sans contrainte sur les plans juridique, financier et relationnel avec les partenaires.<\/p>\n<p>La soci\u00e9t\u00e9 absorbante, cr\u00e9\u00e9e en mai 2003, disposait d&rsquo;une capacit\u00e9 de production de 825 m\u00e9gawatts (MW) et d&rsquo;un effectif de 28 personnes. A travers l&rsquo;op\u00e9ration de fusion, elle aura d\u00e9sormais \u00e0 son service une nouvelle capacit\u00e9 de production de 3582 MW et un effectif global de 315 personnes.<\/p>\n<\/div>\n<p>Auteur:<br \/>\n<a href=\"http:\/\/www.aps.dz\/regions\/110459-sonelgaz-signature-d-accords-de-fusion-absorption-de-3-filiales-par-shariket-kahraba-skikda\">Cliquez ici pour lire l&rsquo;article depuis sa source.<\/a><\/p>\n","protected":false},"excerpt":{"rendered":"<p>ALGER &#8211; Des trait\u00e9s de fusion-absorption et des accords de transferts du personnel des soci\u00e9t\u00e9s filiales de Sonelgaz, SKT-SKD-SKB, par la soci\u00e9t\u00e9 SKS, d\u00e9tenue \u00e0 51% par Sonelgaz et 49% par Sonatrach, ont \u00e9t\u00e9 sign\u00e9s, jeudi \u00e0 Alger, en vue de permettre une meilleure r\u00e9organisation de l&rsquo;activit\u00e9 de production de l&rsquo;\u00e9lectricit\u00e9 et une r\u00e9duction des [&hellip;]<\/p>\n","protected":false},"author":1790,"featured_media":0,"comment_status":"closed","ping_status":"closed","sticky":false,"template":"","format":"standard","meta":{"fifu_image_url":"","fifu_image_alt":"","footnotes":""},"categories":[53,76],"tags":[],"class_list":["post-100627","post","type-post","status-publish","format-standard","hentry","category-algerie","category-regions"],"_links":{"self":[{"href":"https:\/\/linitiative.ca\/International\/wp-json\/wp\/v2\/posts\/100627","targetHints":{"allow":["GET"]}}],"collection":[{"href":"https:\/\/linitiative.ca\/International\/wp-json\/wp\/v2\/posts"}],"about":[{"href":"https:\/\/linitiative.ca\/International\/wp-json\/wp\/v2\/types\/post"}],"author":[{"embeddable":true,"href":"https:\/\/linitiative.ca\/International\/wp-json\/wp\/v2\/users\/1790"}],"replies":[{"embeddable":true,"href":"https:\/\/linitiative.ca\/International\/wp-json\/wp\/v2\/comments?post=100627"}],"version-history":[{"count":0,"href":"https:\/\/linitiative.ca\/International\/wp-json\/wp\/v2\/posts\/100627\/revisions"}],"wp:attachment":[{"href":"https:\/\/linitiative.ca\/International\/wp-json\/wp\/v2\/media?parent=100627"}],"wp:term":[{"taxonomy":"category","embeddable":true,"href":"https:\/\/linitiative.ca\/International\/wp-json\/wp\/v2\/categories?post=100627"},{"taxonomy":"post_tag","embeddable":true,"href":"https:\/\/linitiative.ca\/International\/wp-json\/wp\/v2\/tags?post=100627"}],"curies":[{"name":"wp","href":"https:\/\/api.w.org\/{rel}","templated":true}]}}