{"id":100737,"date":"2020-10-03T16:18:05","date_gmt":"2020-10-03T20:18:05","guid":{"rendered":"https:\/\/linitiative.ca\/International\/presidentielle-meeting-du-pdci-samedi-au-stade-fhb-pour-que-ouattara-retire-sa-candidature\/"},"modified":"2020-10-03T16:18:05","modified_gmt":"2020-10-03T20:18:05","slug":"presidentielle-meeting-du-pdci-samedi-au-stade-fhb-pour-que-ouattara-retire-sa-candidature","status":"publish","type":"post","link":"https:\/\/linitiative.ca\/International\/presidentielle-meeting-du-pdci-samedi-au-stade-fhb-pour-que-ouattara-retire-sa-candidature\/","title":{"rendered":"Pr\u00e9sidentielle: meeting du Pdci samedi au stade FHB \u00ab\u00a0pour que Ouattara retire sa candidature\u00a0\u00bb"},"content":{"rendered":"<div readability=\"32\">\n<p>Publi\u00e9 le 03.10.2020 \u00e0 21h18 par APA News<\/p>\n<\/div>\n<div readability=\"140\">\n<p>Le Parti d\u00e9mocratique de C\u00f4te d\u2019Ivoire (Pdci) qui qualifie la candidature d\u2019Alassane Ouattara \u00e0 l\u2019\u00e9lection pr\u00e9sidentielle du 31 octobre 2020 d&rsquo;\u00a0\u00bbanticonstitutionnelle\u00a0\u00bb, tient un meeting le 10 octobre 2020 au stade F\u00e9lix Houphou\u00ebt-Boigny d\u2019Abidjan pour que le pr\u00e9sident sortant \u00ab\u00a0retire sa candidature\u00a0\u00bb.Le meeting a \u00e9t\u00e9 annonc\u00e9 officiellement samedi au si\u00e8ge du Pdci \u00e0 Cocody, \u00a0une commune hupp\u00e9e dans l\u2019Est d\u2019Abidjan, par le secr\u00e9taire ex\u00e9cutif en chef du parti, Kakou Guikahu\u00e9, lors d\u2019une r\u00e9union de la formation politique qui a regroup\u00e9 plusieurs instances du parti.\u00a0<\/p>\n<p>\u00ab\u00a0Nous allons au stade F\u00e9lix Houphou\u00ebt-Boigny le samedi 10 octobre 2020 pour dire au monde entier que la C\u00f4te d\u2019Ivoire n\u2019est pas d\u2019accord avec le troisi\u00e8me mandat d\u2019Alassane Ouattara et que les exil\u00e9s doivent rentrer\u00a0\u00bb, a d\u00e9clar\u00e9 M. Kakou Guikahu\u00e9 devant des milliers de militants dans l\u2019enceinte du si\u00e8ge du Pdci.\u00a0 \u00a0<\/p>\n<p>En outre, il s\u2019agira de dire que l\u2019ex-pr\u00e9sident Laurent Gbagbo et Guillaume Soro, ancien pr\u00e9sident de l\u2019Assembl\u00e9e nationale ivoirienne, actuellement hors du pays pour cause judiciaire, \u00ab\u00a0doivent \u00eatre sur la liste \u00e9lectorale\u00a0\u00bb, a indiqu\u00e9 M. Guikahu\u00e9 dans un discours. \u00a0\u00a0<\/p>\n<p>Au stade F\u00e9lix Houphou\u00ebt-Boigny qui accueille 45 000 places, M. Guikahu\u00e9 a fait savoir qu\u2019il ne sera pas construit de podium, pr\u00e9voyant plus de 45 000 personnes dans les tribunes et 100 000 autres sur la pelouse, visant au total 150 000 personnes. \u00a0 \u00a0\u00a0<\/p>\n<p>Les candidats \u00e0 l\u2019\u00e9lection pr\u00e9sidentielle sont connus. Le Conseil constitutionnel a rendu publique, le 14 septembre 2020, la liste d\u00e9finitive des candidats retenus \u00e0 l\u2019\u00e9lection pr\u00e9sidentielle du 31 octobre 2020, en \u00e9liminant 40 candidatures sur 44 postulants. \u00a0\u00a0<\/p>\n<p>\u00ab\u00a0Pendant que les candidatures de M. Gbagbo, Mamadou Koulibaly, Guillaume Soro et des ministres Gnamien Konan, Mabri Toikeusse et Marcel Amon-Tanoh sont injustement rejet\u00e9es, la seule candidature anormale, ill\u00e9gale et anticonstitutionnelle d\u2019Alassane Ouattara est accept\u00e9e\u00a0\u00bb, a poursuivi M. Guikahu\u00e9.\u00a0<\/p>\n<p>Pour le secr\u00e9taire ex\u00e9cutif en chef du Pdci, \u00ab\u00a0ce n\u2019est pas acceptable\u00a0\u00bb. En outre, cette \u00e9lection s\u2019achemine vers un scrutin non r\u00e9gulier, \u00a0car la Commission \u00e9lectorale ind\u00e9pendante (CEI) \u00ab\u00a0ne r\u00e9pond plus aux crit\u00e8res que n\u00e9cessite la composition\u00a0\u00bb de la commission apr\u00e8s le retrait des repr\u00e9sentants des partis de l\u2019opposition, ce qui rend \u00ab\u00a0ill\u00e9gal toutes ses activit\u00e9s qu\u2019elle pourrait entreprendre\u00a0\u00bb.\u00a0<\/p>\n<p>\u00ab\u00a0Le pouvoir refuse d\u2019organiser des \u00e9lections justes, transparentes, inclusives et cr\u00e9dibles le 31 octobre 2020 avec \u00e0 la fin la violation de la Constitution par la candidature ill\u00e9gale et anticonstitutionnel de Alassane Ouattara\u00a0\u00bb, a estim\u00e9 M. Guikahu\u00e9. \u00a0<\/p>\n<p>Il a par ailleurs soutenu que cela justifie l\u2019appel \u00e0 la d\u00e9sob\u00e9issance civile lanc\u00e9 par Henri Konan Bedie, \u00a0Le pr\u00e9sident du Pdci, un mot d\u2019ordre endoss\u00e9 par l\u2019ensemble des partis politiques de l\u2019opposition dont le Front populaire ivoirien, le parti de Gbagbo. \u00a0<\/p>\n<p>Jean-Marc Yac\u00e9, maire de Cocody et d\u00e9l\u00e9gu\u00e9 communal de la cit\u00e9, a au nom des d\u00e9l\u00e9gu\u00e9s communaux et d\u00e9partementaux du District d\u2019Abidjan appel\u00e9 les militants \u00e0 ne pas baisser les bras pour remporter la bataille pour le retour du Pdci au pouvoir d\u2019Etat. \u00a0<\/p>\n<p>\u00ab\u00a0Nous sommes tous condamn\u00e9s \u00e0 l\u2019union sacr\u00e9e, \u00e0 la solidarit\u00e9 agissante militante autour du pr\u00e9sident Bedi\u00e9 pour gagner toutes les batailles politiques qui s\u2019annoncent \u00e2pres\u00a0\u00bb, avec les autres partis oppos\u00e9s \u00e0 un \u00ab\u00a0troisi\u00e8me mandat d\u2019Alassane Ouattara\u00a0\u00bb, a-t-il ajout\u00e9.<\/p>\n<p>Pour sa part, le maire de Marcory, Aby Raoul, vice-pr\u00e9sident, charg\u00e9 de la mobilisation, a appel\u00e9 le chef de l\u2019Etat \u00e0 plancher sur le cas \u00ab\u00a0des prisonniers politiques\u00a0\u00bb, un vocable que le pouvoir r\u00e9fute.\u00a0<\/p>\n<p>Elu en 2010 et r\u00e9\u00e9lu en 2015, l\u2019opposition soutient que M. Ouattara brigue un troisi\u00e8me mandat, notamment interdit par la Constitution. Le Conseil constitutionnel a tranch\u00e9 indiquant qu\u2019il s\u2019agit de son premier mandat de cette Constitution de 2016 qui consacre la llle R\u00e9publique.\u00a0<\/p>\n<p>La rencontre avait une allure de meeting. Tour \u00e0 tour, les leaders sont pass\u00e9s livrer leur message \u00e0 l\u2019auditoire, compos\u00e9 de d\u00e9l\u00e9gu\u00e9s communaux et d\u00e9partementaux, des secr\u00e9taires g\u00e9n\u00e9raux de sections, des pr\u00e9sidents des comit\u00e9s de bases et des structures sp\u00e9cialis\u00e9es.\u00a0<\/p>\n<\/div>\n<p>Auteur: APA News<br \/>\n<a href=\"https:\/\/www.journalducameroun.com\/presidentielle-meeting-du-pdci-samedi-au-stade-fhb-pour-que-ouattara-retire-sa-candidature\/\">Cliquez ici pour lire l&rsquo;article depuis sa source.<\/a><\/p>\n","protected":false},"excerpt":{"rendered":"<p>Publi\u00e9 le 03.10.2020 \u00e0 21h18 par APA News Le Parti d\u00e9mocratique de C\u00f4te d\u2019Ivoire (Pdci) qui qualifie la candidature d\u2019Alassane Ouattara \u00e0 l\u2019\u00e9lection pr\u00e9sidentielle du 31 octobre 2020 d&rsquo;\u00a0\u00bbanticonstitutionnelle\u00a0\u00bb, tient un meeting le 10 octobre 2020 au stade F\u00e9lix Houphou\u00ebt-Boigny d\u2019Abidjan pour que le pr\u00e9sident sortant \u00ab\u00a0retire sa candidature\u00a0\u00bb.Le meeting a \u00e9t\u00e9 annonc\u00e9 officiellement samedi [&hellip;]<\/p>\n","protected":false},"author":1965,"featured_media":0,"comment_status":"closed","ping_status":"closed","sticky":false,"template":"","format":"standard","meta":{"fifu_image_url":"","fifu_image_alt":"","footnotes":""},"categories":[73,82],"tags":[],"class_list":["post-100737","post","type-post","status-publish","format-standard","hentry","category-actualite","category-cameroun"],"_links":{"self":[{"href":"https:\/\/linitiative.ca\/International\/wp-json\/wp\/v2\/posts\/100737","targetHints":{"allow":["GET"]}}],"collection":[{"href":"https:\/\/linitiative.ca\/International\/wp-json\/wp\/v2\/posts"}],"about":[{"href":"https:\/\/linitiative.ca\/International\/wp-json\/wp\/v2\/types\/post"}],"author":[{"embeddable":true,"href":"https:\/\/linitiative.ca\/International\/wp-json\/wp\/v2\/users\/1965"}],"replies":[{"embeddable":true,"href":"https:\/\/linitiative.ca\/International\/wp-json\/wp\/v2\/comments?post=100737"}],"version-history":[{"count":0,"href":"https:\/\/linitiative.ca\/International\/wp-json\/wp\/v2\/posts\/100737\/revisions"}],"wp:attachment":[{"href":"https:\/\/linitiative.ca\/International\/wp-json\/wp\/v2\/media?parent=100737"}],"wp:term":[{"taxonomy":"category","embeddable":true,"href":"https:\/\/linitiative.ca\/International\/wp-json\/wp\/v2\/categories?post=100737"},{"taxonomy":"post_tag","embeddable":true,"href":"https:\/\/linitiative.ca\/International\/wp-json\/wp\/v2\/tags?post=100737"}],"curies":[{"name":"wp","href":"https:\/\/api.w.org\/{rel}","templated":true}]}}