{"id":100738,"date":"2020-10-03T16:18:10","date_gmt":"2020-10-03T20:18:10","guid":{"rendered":"https:\/\/linitiative.ca\/International\/lue-et-magic-system-annoncent-une-serie-dactivites-culturelles-et-sportives-pour-la-paix-en-cote-divoire\/"},"modified":"2020-10-03T16:18:10","modified_gmt":"2020-10-03T20:18:10","slug":"lue-et-magic-system-annoncent-une-serie-dactivites-culturelles-et-sportives-pour-la-paix-en-cote-divoire","status":"publish","type":"post","link":"https:\/\/linitiative.ca\/International\/lue-et-magic-system-annoncent-une-serie-dactivites-culturelles-et-sportives-pour-la-paix-en-cote-divoire\/","title":{"rendered":"L\u2019UE et Magic System annoncent une s\u00e9rie d\u2019activit\u00e9s culturelles et sportives pour  la paix en C\u00f4te d\u2019Ivoire"},"content":{"rendered":"<div readability=\"32\">\n<p>Publi\u00e9 le 03.10.2020 \u00e0 21h18 par APA News<\/p>\n<\/div>\n<div readability=\"121\">\n<p>L\u2019Union europ\u00e9enne (UE), la Fondation Magic, des artistes et des sportifs organiseront du 09 au 14 octobre prochain, une s\u00e9rie d\u2019activit\u00e9s culturelles et sportives \u00e0 Abidjan et \u00e0 Yamoussoukro, la capitale politique et administrative ivoirienne pour promouvoir la paix en C\u00f4te d\u2019Ivoire, a-t-on appris vendredi sur place dans la capitale \u00e9conomique ivoirienne.\u00ab Dans la continuit\u00e9 de leur engagement pour la promotion des valeurs communes que l\u2019Union europ\u00e9enne et la C\u00f4te d\u2019Ivoire partagent, l\u2019Union europ\u00e9enne et ses Etats Membres, dans un esprit de Team Europe, lancent avec la Fondation\u00a0Magic\u00a0System une s\u00e9rie d\u2019\u00e9v\u00e9nements de promotion de la paix d\u00e9nomm\u00e9s +Engag\u00e9s pour la paix+\u00bb, indique une note d\u2019information transmise \u00a0\u00e0 APA.\u00a0<\/p>\n<p>Pour Salif Traor\u00e9 dit \u00a0A\u2019Salfo, le lead vocal du mythique groupe musical ivoirien \u00ab Magic System\u00bb, par ailleurs, \u00a0 pr\u00e9sident de la Fondation Magic System, \u00ab nous voulons inviter tous les Ivoiriens, gr\u00e2ce \u00e0 la culture et au sport, deux vecteurs d\u2019unit\u00e9 et de coh\u00e9sion, \u00e0 se r\u00e9approprier cette phrase du pr\u00e9sident Houphou\u00ebt-Boigny, qui disait que a paix n\u2019est pas un vain mot, c\u2019est un comportement, et \u00e0 tous \u00eatre engag\u00e9s pour la paix\u00bb.<\/p>\n<p>\u00abSans paix, il ne peut y avoir de d\u00e9veloppement. Mais nous ne devons pas tenir la paix pour acquise. La pr\u00e9server rel\u00e8ve d\u2019un effort collectif, d\u2019une volont\u00e9 commune de cr\u00e9er un environnement pacifique et d\u00e9mocratique.\u00a0Il appartient donc \u00e0 chacun de nous d\u2019\u00eatre des artisans de la paix dans notre vie quotidienne\u00bb, a exhort\u00e9 pour sa part, Jobst Von Kirchmann, l\u2019ambassadeur de l\u2019Union europ\u00e9enne en C\u00f4te d\u2019Ivoire.\u00a0<\/p>\n<p>Selon la note, \u00a0cette tourn\u00e9e d\u00e9butera le vendredi 09 octobre prochain avec un panel autour de la paix qui sera anim\u00e9 par plusieurs personnalit\u00e9s dont l\u2019ambassadeur de l\u2019UE en C\u00f4te d\u2019Ivoire, Jobst Von Kirchmann, \u00a0Traor\u00e9 Salif dit A\u2019Salfo, le pr\u00e9sident de la Fondation Magic System \u00a0et \u00a0Vincent Toh Bi Iri\u00e9, l\u2019ex-prefet d\u2019Abidjan.<\/p>\n<p>\u00a0Le samedi 10 octobre 2020, les activit\u00e9s se d\u00e9placeront \u00e0 Yamoussoukro, avec un concert gratuit \u00e0 la place Jean-Paul<br \/>II, au cours duquel se produiront\u00a0Magic\u00a0System, Isma\u00ebl Isaac,\u00a0Safarel\u00a0Obiang, TNT, 100 Fa\u00e7ons, La\u00a0Tigresse Sidonie, VDA,\u00a0Yabongo\u00a0Lova,\u00a0Shado\u00a0Chris,\u00a0Daysie\u00a0et bien d\u2019autres artistes.\u00a0<\/p>\n<p>Le lendemain dimanche 11 octobre 2020, cette tourn\u00e9e d\u00e9nomm\u00e9e\u00a0\u00ab Engag\u00e9s pour la paix \u00bb reviendra \u00e0 Abidjan, avec un match de gala qui opposera une \u00e9quipe d\u2019anciens internationaux ivoiriens \u00e0 une \u00e9quipe compos\u00e9e d\u2019artistes, au stade Robert\u00a0Champroux\u00a0de Marcory au sud d\u2019Abidjan.\u00a0<\/p>\n<p>Le\u00a0mercredi 14 octobre\u00a02020 \u00e0 Abidjan, dans le cadre du festival Cin\u00e9 droit libre, une projection de film aura lieu au Goethe-Institut \u00e0 Cocody ( Est d\u2019Abidjan). \u00ab Au-del\u00e0 des \u00e9v\u00e9nements qui se d\u00e9rouleront du 9 au 14 octobre 2020, la sensibilisation se poursuivra par une campagne d\u2019affichage, d\u00e9ploy\u00e9e \u00e0 Abidjan, Yamoussoukro et d\u2019autres villes de l\u2019int\u00e9rieur du pays\u00bb, conclut la note.\u00a0<\/p>\n<p>Depuis plus d\u2019un an, rappelle-t-on, l\u2019Union europ\u00e9enne et la Fondation\u00a0Magic\u00a0System sont engag\u00e9es dans un partenariat en faveur de la promotion des valeurs communes que l\u2019Union europ\u00e9enne et la C\u00f4te d\u2019Ivoire partagent, dont la paix et la coh\u00e9sion sociale.<\/p>\n<\/div>\n<p>Auteur: APA News<br \/>\n<a href=\"https:\/\/www.journalducameroun.com\/lue-et-magic-system-annoncent-une-serie-dactivites-culturelles-et-sportives-pour-la-paix-en-cote-divoire\/\">Cliquez ici pour lire l&rsquo;article depuis sa source.<\/a><\/p>\n","protected":false},"excerpt":{"rendered":"<p>Publi\u00e9 le 03.10.2020 \u00e0 21h18 par APA News L\u2019Union europ\u00e9enne (UE), la Fondation Magic, des artistes et des sportifs organiseront du 09 au 14 octobre prochain, une s\u00e9rie d\u2019activit\u00e9s culturelles et sportives \u00e0 Abidjan et \u00e0 Yamoussoukro, la capitale politique et administrative ivoirienne pour promouvoir la paix en C\u00f4te d\u2019Ivoire, a-t-on appris vendredi sur place [&hellip;]<\/p>\n","protected":false},"author":1965,"featured_media":0,"comment_status":"closed","ping_status":"closed","sticky":false,"template":"","format":"standard","meta":{"fifu_image_url":"","fifu_image_alt":"","footnotes":""},"categories":[73,82],"tags":[],"class_list":["post-100738","post","type-post","status-publish","format-standard","hentry","category-actualite","category-cameroun"],"_links":{"self":[{"href":"https:\/\/linitiative.ca\/International\/wp-json\/wp\/v2\/posts\/100738","targetHints":{"allow":["GET"]}}],"collection":[{"href":"https:\/\/linitiative.ca\/International\/wp-json\/wp\/v2\/posts"}],"about":[{"href":"https:\/\/linitiative.ca\/International\/wp-json\/wp\/v2\/types\/post"}],"author":[{"embeddable":true,"href":"https:\/\/linitiative.ca\/International\/wp-json\/wp\/v2\/users\/1965"}],"replies":[{"embeddable":true,"href":"https:\/\/linitiative.ca\/International\/wp-json\/wp\/v2\/comments?post=100738"}],"version-history":[{"count":0,"href":"https:\/\/linitiative.ca\/International\/wp-json\/wp\/v2\/posts\/100738\/revisions"}],"wp:attachment":[{"href":"https:\/\/linitiative.ca\/International\/wp-json\/wp\/v2\/media?parent=100738"}],"wp:term":[{"taxonomy":"category","embeddable":true,"href":"https:\/\/linitiative.ca\/International\/wp-json\/wp\/v2\/categories?post=100738"},{"taxonomy":"post_tag","embeddable":true,"href":"https:\/\/linitiative.ca\/International\/wp-json\/wp\/v2\/tags?post=100738"}],"curies":[{"name":"wp","href":"https:\/\/api.w.org\/{rel}","templated":true}]}}