{"id":100749,"date":"2020-10-04T09:31:00","date_gmt":"2020-10-04T13:31:00","guid":{"rendered":"https:\/\/linitiative.ca\/International\/%ef%bb%bfles-oppositions-pas-convaincues-par-lelysee\/"},"modified":"2020-10-04T09:31:00","modified_gmt":"2020-10-04T13:31:00","slug":"%ef%bb%bfles-oppositions-pas-convaincues-par-lelysee","status":"publish","type":"post","link":"https:\/\/linitiative.ca\/International\/%ef%bb%bfles-oppositions-pas-convaincues-par-lelysee\/","title":{"rendered":"\ufeffLes oppositions pas convaincues par l\u2019Elys\u00e9e"},"content":{"rendered":"<p class=\"has-text-color has-vivid-red-color c2\"><strong>Offensive contre le \u00abs\u00e9paratisme islamiste\u00bb d\u2019Emmanuel Macron<\/strong><\/p>\n<p class=\"has-text-color c3\"><em>L\u2019offensive contre le \u00abs\u00e9paratisme islamiste\u00bb d\u2019Emmanuel Macron n\u2019a pas convaincu \u00e0 droite comme \u00e0 gauche, o\u00f9 on juge le discours du chef de l\u2019Etat hors sujet, quand la majorit\u00e9 salue au contraire \u00abune expression forte loin des caricatures\u00bb.<\/em><\/p>\n<p>Le Rassemblement national et une partie de la droite tirent \u00e0 boulets rouges sur les propositions du chef de l\u2019Etat expos\u00e9es vendredi matin aux Mureaux (Yvelines).<\/p>\n<p>\u00abCe texte sera un coup pour rien\u00bb, pronostique le d\u00e9put\u00e9 LR, Eric Ciotti \u00e0 propos du futur projet de loi.<\/p>\n<p>Au RN, le d\u00e9put\u00e9 du Nord S\u00e9bastien Chenu critique des mesures \u00abtimides et parfois inqui\u00e9tantes\u00bb tandis que Gilbert Collard, d\u00e9put\u00e9 europ\u00e9en, salue \u00abun bon programme\u00bb mais \u00abd\u00e9truit de l\u2019int\u00e9rieur\u00bb par le r\u00f4le confi\u00e9 au Conseil fran\u00e7ais du culte musulman qu\u2019il estime \u00abnoyaut\u00e9\u00bb par les Fr\u00e8res musulmans.<\/p>\n<p>\u00abPas un mot sur l\u2019immigration massive qui est le terreau du communautarisme\u00bb, ajoute le RN dans un communiqu\u00e9.<\/p>\n<p>A gauche, les r\u00e9actions sont plus nuanc\u00e9es, quant au constat dress\u00e9 par le chef de l\u2019Etat, mais on estime que les solutions avanc\u00e9es par le pr\u00e9sident ne s\u2019attaquent pas aux vraies causes.<\/p>\n<p>Le patron du Parti socialiste Olivier Faure admet que les propositions pr\u00e9sidentielles \u00ab\u00e9vitent le pi\u00e8ge de la stigmatisation de toute une religion\u00bb mais regrette l\u2019absence d\u2019une inflexion de la politique \u00e9conomique et sociale.<\/p>\n<p>\u00abEmmanuel Macron pose un diagnostic plut\u00f4t juste sur les faiblesses de notre R\u00e9publique mais r\u00e9duit ses r\u00e9ponses \u00e0 l\u2019islam. Rien sur les quartiers que la R\u00e9publique abandonne\u00bb, observe le d\u00e9put\u00e9 PCF de la Seine-Saint-Denis, St\u00e9phane Peu.<\/p>\n<p>Chef de file de LFI, Jean-Luc M\u00e9lenchon a fustig\u00e9 pour sa part le \u00abcaract\u00e8re hypocrite et malfaisant\u00bb du discours d\u2019Emmanuel Macron, lors d\u2019un d\u00e9placement dans le Doubs.<\/p>\n<p>\u00abLe discours sur le s\u00e9paratisme, c\u2019est une mise une sc\u00e8ne dramatisante absolument inutile: la loi telle qu\u2019elle est aujourd\u2019hui permet de r\u00e9primer les actes d\u00e9lictueux tels que d\u2019\u00e9ventuels pr\u00eaches, de quelque religion que ce soit, contre la R\u00e9publique ou appelant \u00e0 la violence\u00bb, a poursuivi M. M\u00e9lenchon. Selon lui, M. Macron \u00ab\u00e9pouse une certaine opinion dans le pays\u00bb qui estime que \u00abtous les probl\u00e8mes viennent de l\u2019islam\u00bb.<\/p>\n<p>La majorit\u00e9 loue \u00e0 l\u2019inverse une \u00abexpression forte et loin des caricatures\u00bb, selon le d\u00e9l\u00e9gu\u00e9 g\u00e9n\u00e9ral de LREM, Stanislas Gu\u00e9rini.<\/p>\n<p>\u00abLe Pr\u00e9sident de la R\u00e9publique n\u2019\u00e9lude, ni ne caricature, ni ne minimise la menace. Il propose des solutions concr\u00e8tes et quotidiennes\u00bb, estime le Modem.<\/p>\n<p>\u00abLes d\u00e9put\u00e9s d\u00e9mocrates sauront se montrer \u00e0 la hauteur de la vision du Pr\u00e9sident de la R\u00e9publique\u00bb, promet le parti centriste alors que l\u2019examen au Parlement de la future loi promet d\u2019aiguiser les tensions au sein du groupe majoritaire.<\/p>\n<p>\u00abDur contre les radicaux et protecteur des mod\u00e9r\u00e9s. Si dans nos d\u00e9bats, nous restons \u00e0 la hauteur, alors oui, nous r\u00e9ussirons\u00bb, promet Sacha Houli\u00e9, d\u00e9put\u00e9 LREM de la Vienne.<\/p>\n<p>Le futur projet de loi contre les s\u00e9paratismes doit \u00eatre pr\u00e9sent\u00e9 le 9 d\u00e9cembre avant d\u2019\u00eatre d\u00e9battu en 2021, au Parlement.<\/p>\n<p class=\"has-text-color has-vivid-red-color c2\"><strong>R\u00e9action d\u2019Al Azhar<\/strong><\/p>\n<p class=\"has-text-color has-background has-cyan-bluish-gray-background-color c4\">De son c\u00f4t\u00e9, Le centre \u00e9gyptien de recherche, Al-Azhar, a qualifi\u00e9 de \u00abraciste\u00bb le discours du pr\u00e9sident fran\u00e7ais Emmanuel Macron contre le \u00abs\u00e9paratisme islamiste\u00bb, d\u00e9non\u00e7ant des \u00abaccusations\u00bb visant l\u2019islam.<br \/>Dans un communiqu\u00e9 publi\u00e9 samedi soir, le Centre de recherches islamiques d\u2019Al-Azhar bas\u00e9 au Caire \u00abrejette vivement les d\u00e9clarations du pr\u00e9sident fran\u00e7ais Emmanuel Macron\u00bb qu\u2019il qualifie de \u00abfausses accusations envers l\u2019islam\u00bb.<br \/>Selon l\u2019institution, \u00abde telles d\u00e9clarations racistes sont de nature \u00e0 enflammer les sentiments de 2 milliards\u00bb de musulmans dans le monde.<br \/>Elle d\u00e9nonce \u00abune confusion erron\u00e9e entre la r\u00e9alit\u00e9 des valeurs auxquelles appellent les religions, comme le rapprochement entre les \u00eatres humains, et l\u2019exploitation par certains (extr\u00e9mistes) des textes de ces religions pour r\u00e9aliser leurs objectifs n\u00e9fastes\u00bb.<br \/>Le Centre appelle \u00e9galement \u00e0 \u00abcesser les attaques contre les religions\u00bb afin de ne pas consolider \u00able discours de la haine\u00bb.<\/p>\n<p>Auteur: M&rsquo;hammed rahal<br \/>\n<a href=\"http:\/\/albayane.press.ma\/%EF%BB%BFles-oppositions-pas-convaincues-par-lelysee.html\">Cliquez ici pour lire l&rsquo;article depuis sa source.<\/a><\/p>\n","protected":false},"excerpt":{"rendered":"<p>Offensive contre le \u00abs\u00e9paratisme islamiste\u00bb d\u2019Emmanuel Macron L\u2019offensive contre le \u00abs\u00e9paratisme islamiste\u00bb d\u2019Emmanuel Macron n\u2019a pas convaincu \u00e0 droite comme \u00e0 gauche, o\u00f9 on juge le discours du chef de l\u2019Etat hors sujet, quand la majorit\u00e9 salue au contraire \u00abune expression forte loin des caricatures\u00bb. Le Rassemblement national et une partie de la droite tirent [&hellip;]<\/p>\n","protected":false},"author":1760,"featured_media":0,"comment_status":"closed","ping_status":"closed","sticky":false,"template":"","format":"standard","meta":{"fifu_image_url":"","fifu_image_alt":"","footnotes":""},"categories":[73,54],"tags":[],"class_list":["post-100749","post","type-post","status-publish","format-standard","hentry","category-actualite","category-maroc"],"_links":{"self":[{"href":"https:\/\/linitiative.ca\/International\/wp-json\/wp\/v2\/posts\/100749","targetHints":{"allow":["GET"]}}],"collection":[{"href":"https:\/\/linitiative.ca\/International\/wp-json\/wp\/v2\/posts"}],"about":[{"href":"https:\/\/linitiative.ca\/International\/wp-json\/wp\/v2\/types\/post"}],"author":[{"embeddable":true,"href":"https:\/\/linitiative.ca\/International\/wp-json\/wp\/v2\/users\/1760"}],"replies":[{"embeddable":true,"href":"https:\/\/linitiative.ca\/International\/wp-json\/wp\/v2\/comments?post=100749"}],"version-history":[{"count":0,"href":"https:\/\/linitiative.ca\/International\/wp-json\/wp\/v2\/posts\/100749\/revisions"}],"wp:attachment":[{"href":"https:\/\/linitiative.ca\/International\/wp-json\/wp\/v2\/media?parent=100749"}],"wp:term":[{"taxonomy":"category","embeddable":true,"href":"https:\/\/linitiative.ca\/International\/wp-json\/wp\/v2\/categories?post=100749"},{"taxonomy":"post_tag","embeddable":true,"href":"https:\/\/linitiative.ca\/International\/wp-json\/wp\/v2\/tags?post=100749"}],"curies":[{"name":"wp","href":"https:\/\/api.w.org\/{rel}","templated":true}]}}