{"id":100750,"date":"2020-10-04T09:33:59","date_gmt":"2020-10-04T13:33:59","guid":{"rendered":"https:\/\/linitiative.ca\/International\/%ef%bb%bftrump-va-beaucoup-mieux-mais-les-prochains-jours-representent-le-vrai-test\/"},"modified":"2020-10-04T09:33:59","modified_gmt":"2020-10-04T13:33:59","slug":"%ef%bb%bftrump-va-beaucoup-mieux-mais-les-prochains-jours-representent-le-vrai-test","status":"publish","type":"post","link":"https:\/\/linitiative.ca\/International\/%ef%bb%bftrump-va-beaucoup-mieux-mais-les-prochains-jours-representent-le-vrai-test\/","title":{"rendered":"\ufeffTrump va \u00abbeaucoup mieux\u00bb mais les prochains jours repr\u00e9sentent \u00able vrai test\u00bb"},"content":{"rendered":"<p class=\"has-text-color has-vivid-red-color c2\"><strong>Dans une vid\u00e9o de quatre minutes diffus\u00e9e sur Twitter<\/strong><\/p>\n<p class=\"has-text-color c3\"><strong>Donald Trump, positif au Covid-19 et hospitalis\u00e9 depuis vendredi, a dit samedi soir qu\u2019il allait \u00abbeaucoup mieux\u00bb et serait \u00ab\u00a0bient\u00f4t de retour\u00a0\u00bb dans la campagne \u00e9lectorale, tout en admettant que les tout prochains jours repr\u00e9sentaient \u00able vrai test\u00bb pour lui.<\/strong><\/p>\n<p>\u00abJe suis venu ici, je n\u2019allais pas tr\u00e8s bien\u00bb, a dit le pr\u00e9sident am\u00e9ricain, assis \u00e0 une table, en veste mais sans cravate, dans une vid\u00e9o de quatre minutes diffus\u00e9e sur Twitter. \u00abJe me sens beaucoup mieux maintenant, nous travaillons dur pour que je me remette tout \u00e0 fait. Je pense que je serai bient\u00f4t de retour et j\u2019ai h\u00e2te de finir la campagne comme je l\u2019ai commenc\u00e9e\u00bb.<\/p>\n<p>\u00abJe commence \u00e0 aller bien\u00bb, a-t-il affirm\u00e9, tout en pr\u00e9cisant: \u00abOn ne sait pas pour la p\u00e9riode des tout prochains jours, je suppose que c\u2019est \u00e7a le vrai test, donc nous verrons ce qui se passera au cours des prochains jours\u00bb.<\/p>\n<p>Une prudence endoss\u00e9e par son m\u00e9decin, qui a ensuite d\u00e9clar\u00e9 que M. Trump n\u2019\u00e9tait \u00abpas encore tir\u00e9 d\u2019affaire\u00bb mais que l\u2019\u00e9quipe m\u00e9dicale \u00e9tait \u00abprudemment optimiste\u00bb. \u00abL\u2019\u00e9tat du pr\u00e9sident Trump continue \u00e0 bien \u00e9voluer, il a fait des progr\u00e8s substantiels depuis le diagnostic\u00bb, a dit le docteur Sean Conley, dans un bulletin diffus\u00e9 samedi soir.<\/p>\n<p>Plus t\u00f4t samedi, le m\u00eame m\u00e9decin avait pour la premi\u00e8re fois r\u00e9pondu, bri\u00e8vement et de fa\u00e7on parcellaire, aux journalistes depuis l\u2019h\u00f4pital militaire Walter Reed \u00e0 Bethesda, en banlieue de Washington.<\/p>\n<p>\u00abCe matin, le pr\u00e9sident va tr\u00e8s bien\u00bb, avait dit Sean Conley. M. Trump, 74 ans, a souffert de fi\u00e8vre, de toux, de congestion l\u00e9g\u00e8re et de fatigue, selon lui, mais les sympt\u00f4mes \u00abse r\u00e9duisent et s\u2019am\u00e9liorent\u00bb, a-t-il dit. Il n\u2019avait plus eu de fi\u00e8vre depuis 24 heures, et son taux de saturation en oxyg\u00e8ne \u00e9tait \u00e0 96%, ce qui est normal.<\/p>\n<p>Il est trait\u00e9 par le m\u00e9dicament antiviral remdesivir et a re\u00e7u aussi une injection du traitement exp\u00e9rimental de la soci\u00e9t\u00e9 Regeneron, des anticorps de synth\u00e8se.<\/p>\n<p>Mark Meadows, le chef de cabinet du pr\u00e9sident, a reconnu samedi que ses m\u00e9decins avaient \u00e9t\u00e9 \u00abtr\u00e8s pr\u00e9occup\u00e9s\u00bb par son \u00e9tat de sant\u00e9. \u00abIl n\u2019y a jamais eu l\u2019id\u00e9e et m\u00eame jamais le risque d\u2019une passation de pouvoir\u00bb, a-t-il toutefois assur\u00e9.<\/p>\n<p>Ses propos interviennent \u00e0 la suite d\u2019une s\u00e9rie d\u2019informations contradictoires qui ont cr\u00e9\u00e9 la confusion.<br \/>Dans la journ\u00e9e, une source anonyme consid\u00e9r\u00e9e comme bien inform\u00e9e \u2013 et identifi\u00e9e par la suite par des m\u00e9dias am\u00e9ricains comme n\u2019\u00e9tant autre que Mark Meadows \u2013 d\u00e9clarait: \u00abLes signes vitaux du pr\u00e9sident ces derni\u00e8res 24 heures ont \u00e9t\u00e9 tr\u00e8s inqui\u00e9tants, et les 48 prochaines heures seront critiques en termes de soins\u00bb.<br \/>Ces propos paraissaient contradictoires avec une d\u00e9claration des m\u00e9decins de la Maison Blanche selon laquelle le pr\u00e9sident allait \u00abtr\u00e8s bien\u00bb.<\/p>\n<p>A-t-il re\u00e7u une suppl\u00e9mentation en oxyg\u00e8ne? Le docteur Conley s\u2019est born\u00e9 \u00e0 r\u00e9pondre que cela n\u2019avait pas \u00e9t\u00e9 le cas samedi, ni jeudi ni depuis son hospitalisation, restant \u00e9vasif quand les journalistes lui ont demand\u00e9 s\u2019il en avait re\u00e7u \u00e0 aucun moment.<\/p>\n<p>Des m\u00e9dias dont la cha\u00eene ABC ont ensuite confirm\u00e9 que M. Trump avait bien eu besoin d\u2019oxyg\u00e9nation vendredi \u00e0 la Maison Blanche avant d\u2019\u00eatre hospitalis\u00e9.<\/p>\n<p>Et de quand date le premier test positif du pr\u00e9sident? Le m\u00e9decin a sem\u00e9 le trouble en \u00e9voquant \u00ab72 heures\u00bb depuis le diagnostic, une dur\u00e9e incoh\u00e9rente avec les d\u00e9clarations pr\u00e9c\u00e9dentes, car elle aurait fait remonter le test \u00e0 mercredi, au lieu de jeudi comme indiqu\u00e9 auparavant.<\/p>\n<p>Cela a forc\u00e9 la Maison Blanche \u00e0 vite corriger le m\u00e9decin en disant qu\u2019il parlait du troisi\u00e8me jour, puis \u00e0 publier une nouvelle lettre clarifiant que le \u00abpremier\u00bb diagnostic datait bien de jeudi soir.<\/p>\n<p>Une question centrale reste sans r\u00e9ponse: quand et comment le dirigeant a-t-il contract\u00e9 le virus?<br \/>\u00abIls se sont trop appuy\u00e9s sur les tests\u00bb, d\u00e9plore Ali Nouri, pr\u00e9sident de la F\u00e9d\u00e9ration des scientifiques am\u00e9ricains. \u00abEn ne rendant pas obligatoires les masques et la distanciation physique, ils ont cr\u00e9\u00e9 un faux climat de confiance \u00e0 la Maison Blanche\u00bb.<\/p>\n<p>\u00abJ\u2019esp\u00e8re que cela provoquera une prise de conscience chez le pr\u00e9sident\u00bb, dit le scientifique \u00e0 l\u2019AFP.<\/p>\n<p>La campagne \u00e9lectorale a \u00e9t\u00e9 boulevers\u00e9e par l\u2019hospitalisation: les d\u00e9placements de Donald Trump ont \u00e9t\u00e9 annul\u00e9s, son directeur de campagne a lui aussi \u00e9t\u00e9 contamin\u00e9, et l\u2019incertitude plane sur les prochains d\u00e9bats t\u00e9l\u00e9vis\u00e9s, notamment celui cens\u00e9 opposer leurs colistiers, le vice-pr\u00e9sident Mike Pence et la s\u00e9natrice d\u00e9mocrate Kamala Harris, mercredi.<\/p>\n<p>Son \u00e9quipe a annonc\u00e9 samedi que la campagne continuerait pourtant \u00ab\u00e0 pleine vitesse\u00bb, avec des d\u00e9placements de M. Pence et des fils Trump \u00e0 partir d\u2019apr\u00e8s le d\u00e9bat des num\u00e9ros deux.<\/p>\n<p>De son c\u00f4t\u00e9, le chef de la diplomatie am\u00e9ricaine Mike Pompeo va \u00e9courter son voyage en Asie la semaine prochaine, en annulant ses \u00e9tapes en Mongolie et en Cor\u00e9e du Sud, qui \u00e9taient pr\u00e9vues mercredi et jeudi.<\/p>\n<p>La Maison Blanche est li\u00e9e \u00e0 de multiples contaminations. La liste des proches de M. Trump infect\u00e9s s\u2019allonge: son \u00e9pouse Melania, sa conseill\u00e8re Hope Hicks, son directeur de campagne Bill Stepien, trois s\u00e9nateurs r\u00e9publicains, l\u2019ancienne conseill\u00e8re Kellyanne Conway, l\u2019actuel conseiller Chris Christie\u2026 Sans compter trois journalistes accr\u00e9dit\u00e9s.<\/p>\n<p>Un autre tr\u00e8s proche collaborateur du pr\u00e9sident, Nicholas Luna, a \u00e9galement test\u00e9 positif, a rapport\u00e9 CNN.<\/p>\n<p>Un \u00e9v\u00e9nement retient l\u2019attention: samedi dernier, des dizaines d\u2019invit\u00e9s se sont press\u00e9s dans les jardins et les salons int\u00e9rieurs de la pr\u00e9sidence pour la nomination de la juge Amy Coney Barrett \u00e0 un si\u00e8ge de la Cour supr\u00eame. Les cam\u00e9ras ont film\u00e9 quantit\u00e9 de mains serr\u00e9es et d\u2019embrassades, la plupart des invit\u00e9s omettant le port du masque, pratique manifestement \u00e9rig\u00e9e chez les r\u00e9publicains comme une marque de loyaut\u00e9.<\/p>\n<p>Comme on ignore quand Donald Trump a \u00e9t\u00e9 contamin\u00e9, on ne sait pas s\u2019il \u00e9tait contagieux lors du d\u00e9bat contre Joe Biden mardi soir dernier, \u00e0 Cleveland. Les deux hommes ont pass\u00e9 90 minutes sur la m\u00eame sc\u00e8ne.<br \/>Joe Biden, 77 ans, \u00e9tait n\u00e9gatif vendredi, et il se refera tester dimanche.<\/p>\n<p>Auteur: M&rsquo;hammed rahal<br \/>\n<a href=\"http:\/\/albayane.press.ma\/%EF%BB%BFtrump-va-beaucoup-mieux-mais-les-prochains-jours-representent-le-vrai-test.html\">Cliquez ici pour lire l&rsquo;article depuis sa source.<\/a><\/p>\n","protected":false},"excerpt":{"rendered":"<p>Dans une vid\u00e9o de quatre minutes diffus\u00e9e sur Twitter Donald Trump, positif au Covid-19 et hospitalis\u00e9 depuis vendredi, a dit samedi soir qu\u2019il allait \u00abbeaucoup mieux\u00bb et serait \u00ab\u00a0bient\u00f4t de retour\u00a0\u00bb dans la campagne \u00e9lectorale, tout en admettant que les tout prochains jours repr\u00e9sentaient \u00able vrai test\u00bb pour lui. \u00abJe suis venu ici, je n\u2019allais [&hellip;]<\/p>\n","protected":false},"author":1760,"featured_media":0,"comment_status":"closed","ping_status":"closed","sticky":false,"template":"","format":"standard","meta":{"fifu_image_url":"","fifu_image_alt":"","footnotes":""},"categories":[73,54],"tags":[],"class_list":["post-100750","post","type-post","status-publish","format-standard","hentry","category-actualite","category-maroc"],"_links":{"self":[{"href":"https:\/\/linitiative.ca\/International\/wp-json\/wp\/v2\/posts\/100750","targetHints":{"allow":["GET"]}}],"collection":[{"href":"https:\/\/linitiative.ca\/International\/wp-json\/wp\/v2\/posts"}],"about":[{"href":"https:\/\/linitiative.ca\/International\/wp-json\/wp\/v2\/types\/post"}],"author":[{"embeddable":true,"href":"https:\/\/linitiative.ca\/International\/wp-json\/wp\/v2\/users\/1760"}],"replies":[{"embeddable":true,"href":"https:\/\/linitiative.ca\/International\/wp-json\/wp\/v2\/comments?post=100750"}],"version-history":[{"count":0,"href":"https:\/\/linitiative.ca\/International\/wp-json\/wp\/v2\/posts\/100750\/revisions"}],"wp:attachment":[{"href":"https:\/\/linitiative.ca\/International\/wp-json\/wp\/v2\/media?parent=100750"}],"wp:term":[{"taxonomy":"category","embeddable":true,"href":"https:\/\/linitiative.ca\/International\/wp-json\/wp\/v2\/categories?post=100750"},{"taxonomy":"post_tag","embeddable":true,"href":"https:\/\/linitiative.ca\/International\/wp-json\/wp\/v2\/tags?post=100750"}],"curies":[{"name":"wp","href":"https:\/\/api.w.org\/{rel}","templated":true}]}}