{"id":100752,"date":"2020-10-04T09:47:56","date_gmt":"2020-10-04T13:47:56","guid":{"rendered":"https:\/\/linitiative.ca\/International\/%ef%bb%bfencore-14-jours-les-restrictions-a-casablanca\/"},"modified":"2020-10-04T09:47:56","modified_gmt":"2020-10-04T13:47:56","slug":"%ef%bb%bfencore-14-jours-les-restrictions-a-casablanca","status":"publish","type":"post","link":"https:\/\/linitiative.ca\/International\/%ef%bb%bfencore-14-jours-les-restrictions-a-casablanca\/","title":{"rendered":"\ufeffEncore 14 jours les restrictions \u00e0 Casablanca!"},"content":{"rendered":"<p class=\"has-text-color has-vivid-red-color c2\"><strong>Devant la recrudescence des cas positifs<\/strong><\/p>\n<p class=\"has-text-color c3\"><strong>Sans aucune surprise, le Conseil de gouvernement, r\u00e9uni, jeudi dernier, a d\u00e9cid\u00e9 de prolonger de 14 jours suppl\u00e9mentaires les mesures restrictives, d\u00e9cid\u00e9es le 7 septembre dernier et reprises quatorze jours apr\u00e8s pour Casablanca, qui allaient prendre fin dimanche.<\/strong><\/p>\n<p>Sans grande conviction ni pr\u00e9sentation de justification scientifique pour cette nouvelle prolongation que la r\u00e9alit\u00e9 de toutes les derni\u00e8res semaines d\u00e9mentent, l\u2019Ex\u00e9cutif fait fi de toute logique et d\u00e9fie la r\u00e9alit\u00e9.<\/p>\n<p>Le gouvernement n\u2019a donc fait que r\u00e9p\u00e9ter la m\u00eame litanie, en se r\u00e9f\u00e9rant aux m\u00eames proph\u00e9ties\u2026 de \u00abconclusions des op\u00e9rations de suivi et d\u2019\u00e9valuation r\u00e9guli\u00e8res effectu\u00e9es par les comit\u00e9s de veille et de suivi de la pr\u00e9fecture de Casablanca, et en tenant compte des recommandations de la Commission scientifique sp\u00e9cialis\u00e9e sur la n\u00e9cessit\u00e9 de poursuivre les mesures n\u00e9cessaires pour faire face \u00e0 la propagation du coronavirus (Covid-19)\u00bb.<\/p>\n<p><strong>Et voil\u00e0 le tour est jou\u00e9 et l\u2019essentiel dit\u2026<\/strong><\/p>\n<p>Et pourtant, de nombreuses voix de scientifiques se sont \u00e9lev\u00e9es, y compris dans les m\u00e9dias publics, pour d\u00e9noncer le fait accompli et des d\u00e9cisions inexpliqu\u00e9es.<\/p>\n<p>De plus, les citoyennes et les citoyens, sans \u00eatre des sp\u00e9cialistes, savent d\u00e9m\u00ealer le faux du vrai. Ils savent que le coronavirus circule beaucoup et donc, avec le nombre toujours grandissant de tests, le nombre des cas d\u2019infections suit, lui aussi, une courbe ascendante. C\u2019est le nombre de cas graves qui doit alerter et non celui des porteurs sains.<\/p>\n<p>Le message aujourd\u2019hui, \u00e0 la veille de la grippe saisonni\u00e8re, est que tout virus virulent peut tuer aussi et surtout les personnes \u00e2g\u00e9es, mais aussi plus particuli\u00e8rement atteintes de maladies chroniques ou subissant des pathologies lourdes, de diff\u00e9rentes cat\u00e9gories d\u2019\u00e2ges, y compris les plus jeunes.<\/p>\n<p>Il faudra donc sensibiliser les citoyennes et les citoyens \u00e0 respecter les mesures de pr\u00e9vention triptyques (distanciation physique, r\u00e8gles d\u2019hygi\u00e8ne et obligation du port du masque\u00bb.<\/p>\n<p>Aujourd\u2019hui alors que le plan des restrictions est reconduit pour 14 jours, il devient clair que le gouvernement ne veut pas que renforcer le contr\u00f4le du respect de ces r\u00e8gles ni faire de la communication son arme principale de lutte contre le virus.<\/p>\n<p>L\u2019espoir est que l\u2019Ex\u00e9cutif tire les bonnes le\u00e7ons et se d\u00e9parte de la politique de la peur pour rendre \u00e0 la population sa s\u00e9r\u00e9nit\u00e9. C\u2019est la voie du salut.<\/p>\n<p class=\"c4\"><strong>Mohamed Khalil<\/strong><\/p>\n<p>Auteur: M&rsquo;hammed rahal<br \/>\n<a href=\"http:\/\/albayane.press.ma\/%EF%BB%BFencore-14-jours-les-restrictions-a-casablanca.html\">Cliquez ici pour lire l&rsquo;article depuis sa source.<\/a><\/p>\n","protected":false},"excerpt":{"rendered":"<p>Devant la recrudescence des cas positifs Sans aucune surprise, le Conseil de gouvernement, r\u00e9uni, jeudi dernier, a d\u00e9cid\u00e9 de prolonger de 14 jours suppl\u00e9mentaires les mesures restrictives, d\u00e9cid\u00e9es le 7 septembre dernier et reprises quatorze jours apr\u00e8s pour Casablanca, qui allaient prendre fin dimanche. Sans grande conviction ni pr\u00e9sentation de justification scientifique pour cette nouvelle [&hellip;]<\/p>\n","protected":false},"author":1760,"featured_media":0,"comment_status":"closed","ping_status":"closed","sticky":false,"template":"","format":"standard","meta":{"fifu_image_url":"","fifu_image_alt":"","footnotes":""},"categories":[73,54],"tags":[],"class_list":["post-100752","post","type-post","status-publish","format-standard","hentry","category-actualite","category-maroc"],"_links":{"self":[{"href":"https:\/\/linitiative.ca\/International\/wp-json\/wp\/v2\/posts\/100752","targetHints":{"allow":["GET"]}}],"collection":[{"href":"https:\/\/linitiative.ca\/International\/wp-json\/wp\/v2\/posts"}],"about":[{"href":"https:\/\/linitiative.ca\/International\/wp-json\/wp\/v2\/types\/post"}],"author":[{"embeddable":true,"href":"https:\/\/linitiative.ca\/International\/wp-json\/wp\/v2\/users\/1760"}],"replies":[{"embeddable":true,"href":"https:\/\/linitiative.ca\/International\/wp-json\/wp\/v2\/comments?post=100752"}],"version-history":[{"count":0,"href":"https:\/\/linitiative.ca\/International\/wp-json\/wp\/v2\/posts\/100752\/revisions"}],"wp:attachment":[{"href":"https:\/\/linitiative.ca\/International\/wp-json\/wp\/v2\/media?parent=100752"}],"wp:term":[{"taxonomy":"category","embeddable":true,"href":"https:\/\/linitiative.ca\/International\/wp-json\/wp\/v2\/categories?post=100752"},{"taxonomy":"post_tag","embeddable":true,"href":"https:\/\/linitiative.ca\/International\/wp-json\/wp\/v2\/tags?post=100752"}],"curies":[{"name":"wp","href":"https:\/\/api.w.org\/{rel}","templated":true}]}}