{"id":100753,"date":"2020-10-04T09:54:07","date_gmt":"2020-10-04T13:54:07","guid":{"rendered":"https:\/\/linitiative.ca\/International\/le-maroc-assoupli-les-conditions-dacces\/"},"modified":"2020-10-04T09:54:07","modified_gmt":"2020-10-04T13:54:07","slug":"le-maroc-assoupli-les-conditions-dacces","status":"publish","type":"post","link":"https:\/\/linitiative.ca\/International\/le-maroc-assoupli-les-conditions-dacces\/","title":{"rendered":"Le Maroc assoupli les conditions d\u2019acc\u00e8s"},"content":{"rendered":"<p class=\"has-text-color has-vivid-red-color c2\"><strong>Transport a\u00e9rien<\/strong><\/p>\n<p class=\"c3\"><strong>Karim Ben Amar<\/strong><\/p>\n<p class=\"has-text-color c4\"><strong>Afin de promouvoir le secteur du tourisme, le gouvernement a consid\u00e9rablement<\/strong> <strong>assoupli<\/strong> <strong>les conditions d\u2019acc\u00e8s des touristes au Maroc. Hormis la suppression du test s\u00e9rologique, le d\u00e9lai requis pour le test PCR sera port\u00e9 \u00e0 72 heures, contre 48 heures actuellement.<\/strong><\/p>\n<p>Un r\u00e9el soulagement pour les professionnels du tourisme. La demande d\u2019un all\u00e9gement des conditions d\u2019acc\u00e8s des touristes au Maroc a \u00e9t\u00e9 favorablement re\u00e7ue par le gouvernement. Ces nouvelles mesures sont accueillies\u00a0 comme un apaisement par les op\u00e9rateurs touristiques, en particulier, ceux bas\u00e9s \u00e0 Marrakech et Agadir. Ceux-ci sont entendus par le gouvernement avec l\u2019assurance de leur mise en \u0153uvre tr\u00e8s prochainement, d\u2019apr\u00e8s l\u2019Ex\u00e9cutif.<\/p>\n<p>Cette prorogation du d\u00e9lai du test PCR para\u00eet cens\u00e9e au vu des d\u00e9lais d\u2019obtention, de plus en plus longs, des r\u00e9sultats aupr\u00e8s des laboratoires d\u2019analyses en Europe, en particulier en France, premier pourvoyeur de touristes au Maroc.<\/p>\n<p>Cet assouplissement des conditions d\u2019acc\u00e8s au Maroc redonne un vif espoir aux professionnels du tourisme, d\u00e9termin\u00e9s \u00e0 sauver la saison d\u2019hiver, eux qui ont ch\u00f4m\u00e9 durant tout l\u2019\u00e9t\u00e9.<\/p>\n<p>Tous les professionnels du secteur du tourisme, \u00e0 travers tout le royaume ont p\u00e2ti d\u2019un arr\u00eat net de l\u2019activit\u00e9 d\u00e8s le 20 mars 2020, date de d\u00e9but d\u2019\u00e9tat d\u2019urgence sanitaire. Saison haute comme saison basse, cette ann\u00e9e repr\u00e9sente pour les professionnels du tourisme, la disette. Tous s\u2019impatientent d\u2019une \u00e9ventuelle reprise de l\u2019activit\u00e9 dans les plus brefs d\u00e9lais afin de combler les lourdes pertes amass\u00e9es pour cause de pand\u00e9mie mondiale.<\/p>\n<p>En attendant le lancement de nouvelles lignes a\u00e9riennes, la RAM a promis d\u2019ouvrir quatre nouvelles lignes europ\u00e9ennes reliant Marrakech.<\/p>\n<p>Auteur: M&rsquo;hammed rahal<br \/>\n<a href=\"http:\/\/albayane.press.ma\/le-maroc-assoupli-les-conditions-dacces.html\">Cliquez ici pour lire l&rsquo;article depuis sa source.<\/a><\/p>\n","protected":false},"excerpt":{"rendered":"<p>Transport a\u00e9rien Karim Ben Amar Afin de promouvoir le secteur du tourisme, le gouvernement a consid\u00e9rablement assoupli les conditions d\u2019acc\u00e8s des touristes au Maroc. Hormis la suppression du test s\u00e9rologique, le d\u00e9lai requis pour le test PCR sera port\u00e9 \u00e0 72 heures, contre 48 heures actuellement. Un r\u00e9el soulagement pour les professionnels du tourisme. La [&hellip;]<\/p>\n","protected":false},"author":1760,"featured_media":0,"comment_status":"closed","ping_status":"closed","sticky":false,"template":"","format":"standard","meta":{"fifu_image_url":"","fifu_image_alt":"","footnotes":""},"categories":[73,54],"tags":[],"class_list":["post-100753","post","type-post","status-publish","format-standard","hentry","category-actualite","category-maroc"],"_links":{"self":[{"href":"https:\/\/linitiative.ca\/International\/wp-json\/wp\/v2\/posts\/100753","targetHints":{"allow":["GET"]}}],"collection":[{"href":"https:\/\/linitiative.ca\/International\/wp-json\/wp\/v2\/posts"}],"about":[{"href":"https:\/\/linitiative.ca\/International\/wp-json\/wp\/v2\/types\/post"}],"author":[{"embeddable":true,"href":"https:\/\/linitiative.ca\/International\/wp-json\/wp\/v2\/users\/1760"}],"replies":[{"embeddable":true,"href":"https:\/\/linitiative.ca\/International\/wp-json\/wp\/v2\/comments?post=100753"}],"version-history":[{"count":0,"href":"https:\/\/linitiative.ca\/International\/wp-json\/wp\/v2\/posts\/100753\/revisions"}],"wp:attachment":[{"href":"https:\/\/linitiative.ca\/International\/wp-json\/wp\/v2\/media?parent=100753"}],"wp:term":[{"taxonomy":"category","embeddable":true,"href":"https:\/\/linitiative.ca\/International\/wp-json\/wp\/v2\/categories?post=100753"},{"taxonomy":"post_tag","embeddable":true,"href":"https:\/\/linitiative.ca\/International\/wp-json\/wp\/v2\/tags?post=100753"}],"curies":[{"name":"wp","href":"https:\/\/api.w.org\/{rel}","templated":true}]}}