{"id":100755,"date":"2020-10-04T13:03:45","date_gmt":"2020-10-04T17:03:45","guid":{"rendered":"https:\/\/linitiative.ca\/International\/ouverture-de-nadji-mega-bookstore-la-plus-grande-librairie-en-algerie\/"},"modified":"2020-10-04T13:03:45","modified_gmt":"2020-10-04T17:03:45","slug":"ouverture-de-nadji-mega-bookstore-la-plus-grande-librairie-en-algerie","status":"publish","type":"post","link":"https:\/\/linitiative.ca\/International\/ouverture-de-nadji-mega-bookstore-la-plus-grande-librairie-en-algerie\/","title":{"rendered":"Ouverture de Nadji Mega Bookstore, la plus grande librairie en Alg\u00e9rie"},"content":{"rendered":"<div readability=\"40\">\n<p class=\"c30\"><em><strong>ALGER- La librairie Nadji MEGA Bookstore, la plus grande en Alg\u00e9rie, a ouvert ses portes, samedi, \u00e0 la cit\u00e9 Amirouche dans la commune d&rsquo;Hussein Dey, au grand plaisir d&rsquo;un public passionn\u00e9 et f\u00e9ru de lecture, venu nombreux d\u00e8s les premi\u00e8res heures.<\/strong><\/em><\/p>\n<\/div>\n<div readability=\"88\">\n<p class=\"c30\">De longues files se sont form\u00e9es avant l&rsquo;ouverture de la librairie, constitu\u00e9es pour la plupart, de jeunes universitaires et d&rsquo;\u00e9l\u00e8ves. Les g\u00e9rants de cet espace d\u00e9di\u00e9 au livre ont veill\u00e9 \u00e0 prendre toutes les mesures pr\u00e9ventives contre le nouveau Coronavirus, avant l&rsquo;acc\u00e8s des visiteurs, dont la limitation du nombre \u00e0 40 personnes \u00e0 l&rsquo;int\u00e9rieur de la librairie et le port obligatoire de la bavette.<\/p>\n<blockquote readability=\"10\">\n<p class=\"c30\"><em><strong>Le visiteur de cet espace litt\u00e9raire dont l&rsquo;ouverture intervient dans une conjoncture difficile marqu\u00e9e par une limitation des activit\u00e9s culturelles en g\u00e9n\u00e9ral et celles d\u00e9di\u00e9es au livre en particulier, notamment apr\u00e8s le report du Salon international du livre d&rsquo;Alger (Sila), meublera \u00e0 l&rsquo;occasion le vide dont il souffre en s&rsquo;achetant de nouveaux ouvrages.<\/strong><\/em><\/p>\n<\/blockquote>\n<p class=\"c30\">Les parents portent un int\u00e9r\u00eat particulier aux livres pour enfants, aux articles scolaires et aux beaux cartables expos\u00e9s dans les stands d\u00e9di\u00e9s aux enfants, a-t-on constat\u00e9.<\/p>\n<p class=\"c30\">D&rsquo;une surface de 1.300 m2, la libraire qui compte 3 niveaux, renferme dans un beau d\u00e9cor attrayant, 1.400 ouvrages expos\u00e9s et 40.000 autres en stock, traitant de diff\u00e9rentes sp\u00e9cialit\u00e9s, entre ouvrages scientifiques, litt\u00e9raires et livres parascolaires, notamment, les dictionnaires, les Atlas et les encyclop\u00e9dies.<\/p>\n<blockquote readability=\"10\">\n<p class=\"c30\"><em><strong>Cette nouvelle librairie offre une panoplie d&rsquo;ouvrages aux passionn\u00e9s du roman et d&rsquo;autres \u0153uvres litt\u00e9raires \u00e0 travers notamment la maison d&rsquo;\u00e9dition \u00ab\u00a0Dar El Izza wal El Karama Lil Kitab\u00a0\u00bb qui a d\u00e9j\u00e0 cr\u00e9\u00e9 des librairies \u00e0 Oran, Tlemcen, S\u00e9tif, Bechar et autres wilayas du pays.<\/strong><\/em><\/p>\n<\/blockquote>\n<p class=\"c30\">Redouane Lemsioui, l&rsquo;un des g\u00e9rants de cette maison d&rsquo;\u00e9dition, a affirm\u00e9 qu&rsquo;un grand int\u00e9r\u00eat est accord\u00e9 \u00e0 la qualit\u00e9 du contenu, \u00e0 la forme et \u00e0 la mani\u00e8re de la pr\u00e9sentation pour mettre \u00e0 la disposition du lecteur un produit de qualit\u00e9.<\/p>\n<p class=\"c30\">Le m\u00eame intervenant a indiqu\u00e9 que l&rsquo;\u00e9quipe qui g\u00e8re cette m\u00e9ga librairie a une exp\u00e9rience riche dans la publication et la distribution et collabore avec de grandes maisons d&rsquo;\u00e9dition \u00e9gyptiennes, libanaises, syriennes et jordaniennes, voire fran\u00e7aises dont Hachette sp\u00e9cialis\u00e9e dans les dictionnaires.<\/p>\n<p class=\"c30\">Outre la vente des livres, il y aura \u00e9galement d&rsquo;autres projets, \u00e0 savoir: des espaces pour la vente-d\u00e9dicace, des rencontres culturelles et intellectuelles et des galeries pour des expositions artistiques, a fait savoir M. Lemsioui.<\/p>\n<\/div>\n<p>Auteur:<br \/>\n<a href=\"http:\/\/www.aps.dz\/culture\/110523-nadji-mega-bookstore-ouverture-de-la-plus-grande-librairie-en-algerie\">Cliquez ici pour lire l&rsquo;article depuis sa source.<\/a><\/p>\n","protected":false},"excerpt":{"rendered":"<p>ALGER- La librairie Nadji MEGA Bookstore, la plus grande en Alg\u00e9rie, a ouvert ses portes, samedi, \u00e0 la cit\u00e9 Amirouche dans la commune d&rsquo;Hussein Dey, au grand plaisir d&rsquo;un public passionn\u00e9 et f\u00e9ru de lecture, venu nombreux d\u00e8s les premi\u00e8res heures. De longues files se sont form\u00e9es avant l&rsquo;ouverture de la librairie, constitu\u00e9es pour la [&hellip;]<\/p>\n","protected":false},"author":1790,"featured_media":0,"comment_status":"closed","ping_status":"closed","sticky":false,"template":"","format":"standard","meta":{"fifu_image_url":"","fifu_image_alt":"","footnotes":""},"categories":[53,79],"tags":[],"class_list":["post-100755","post","type-post","status-publish","format-standard","hentry","category-algerie","category-culture"],"_links":{"self":[{"href":"https:\/\/linitiative.ca\/International\/wp-json\/wp\/v2\/posts\/100755","targetHints":{"allow":["GET"]}}],"collection":[{"href":"https:\/\/linitiative.ca\/International\/wp-json\/wp\/v2\/posts"}],"about":[{"href":"https:\/\/linitiative.ca\/International\/wp-json\/wp\/v2\/types\/post"}],"author":[{"embeddable":true,"href":"https:\/\/linitiative.ca\/International\/wp-json\/wp\/v2\/users\/1790"}],"replies":[{"embeddable":true,"href":"https:\/\/linitiative.ca\/International\/wp-json\/wp\/v2\/comments?post=100755"}],"version-history":[{"count":0,"href":"https:\/\/linitiative.ca\/International\/wp-json\/wp\/v2\/posts\/100755\/revisions"}],"wp:attachment":[{"href":"https:\/\/linitiative.ca\/International\/wp-json\/wp\/v2\/media?parent=100755"}],"wp:term":[{"taxonomy":"category","embeddable":true,"href":"https:\/\/linitiative.ca\/International\/wp-json\/wp\/v2\/categories?post=100755"},{"taxonomy":"post_tag","embeddable":true,"href":"https:\/\/linitiative.ca\/International\/wp-json\/wp\/v2\/tags?post=100755"}],"curies":[{"name":"wp","href":"https:\/\/api.w.org\/{rel}","templated":true}]}}