{"id":100757,"date":"2020-10-04T13:03:52","date_gmt":"2020-10-04T17:03:52","guid":{"rendered":"https:\/\/linitiative.ca\/International\/festival-mongorno-du-film-de-montagne-le-pnd-remporte-le-2e-prix\/"},"modified":"2020-10-04T13:03:52","modified_gmt":"2020-10-04T17:03:52","slug":"festival-mongorno-du-film-de-montagne-le-pnd-remporte-le-2e-prix","status":"publish","type":"post","link":"https:\/\/linitiative.ca\/International\/festival-mongorno-du-film-de-montagne-le-pnd-remporte-le-2e-prix\/","title":{"rendered":"Festival Mongorno du film de montagne: le PND remporte le 2e prix"},"content":{"rendered":"<div readability=\"37\">\n<p><strong>TIZI-OUZOU &#8211; Le parc national du Djurdjura (PND), a remport\u00e9 le deuxi\u00e8me prix \u00e0 la 1\u00e8re \u00e9dition du Festival Mongorno du film de montagne, a indiqu\u00e9 samedi le charg\u00e9 de communication de cette institution, le conservateur principal des for\u00eats Ahmed Alileche.<\/strong><\/p>\n<\/div>\n<div readability=\"71.093338351524\">\n<p>Le PND, a particip\u00e9 au concours en ligne de la premi\u00e8re \u00e9dition de ce festival organis\u00e9 par l\u2019Office du tourisme de M\u00e9d\u00e9a sous le haut patronage des ministres du Tourisme et de l\u2019Artisanat et du Travail familial et de l\u2019Environnement, avec un documentaire de 16 mn, mettant en valeur la diversit\u00e9 et la richesse environnementale et socioculturelle de ce parc, a pr\u00e9cis\u00e9 la m\u00eame source \u00e0 l&rsquo;APS.<\/p>\n<blockquote readability=\"15\">\n<p><em><strong>\u00ab\u00a0Le PND s\u2019est distingu\u00e9 par un classement honorifique en arrachant le deuxi\u00e8me prix. Apr\u00e8s un travail de longue haleine qui a pris beaucoup de temps et des efforts colossaux, vu la superficie \u00e9tendue et le relief accident\u00e9 du Djurdjura\u00a0\u00bb, des efforts qui ont permis de mettre en valeur le parc et de d\u00e9voiler ses potentialit\u00e9s nombreuses dont sa diversit\u00e9 faunistique et floristique avec ses esp\u00e8ces end\u00e9miques, son riche patrimoine hydrique, culturel, historique et cultuel, ses curiosit\u00e9s g\u00e9ologiques et g\u00e9omorphologiques, ses villages suspendus aux falaises et la palette des sports de montagne qui sont ou peuvent y \u00eatre pratiqu\u00e9s.<\/strong><\/em><\/p>\n<\/blockquote>\n<p>La fragilit\u00e9 de cet \u00e9cosyst\u00e8me de montagne, menac\u00e9 par une surfr\u00e9quentation, la pollution caus\u00e9e par les d\u00e9chets laiss\u00e9s sur place par des randonneurs et des campeurs, la surexploitation de ses ressources hydriques, le surp\u00e2turage, et la n\u00e9cessit\u00e9 de la pr\u00e9servation pour le l\u00e9guer aux g\u00e9n\u00e9rations futures, a \u00e9t\u00e9 \u00e9galement mise en exergue dans ce film.<\/p>\n<hr\/>\n<h3>Lire aussi:\u00a0<a href=\"http:\/\/www.aps.dz\/culture\/109310-tahya-cinema-une-plateforme-pour-faciliter-la-production-et-le-financement-de-films\" target=\"_blank\" rel=\"noopener noreferrer\">\u00ab\u00a0Tahya Cin\u00e9ma\u00a0\u00bb, une plateforme pour faciliter la production et le financement de films<\/a><\/h3>\n<hr\/>\n<p>Pour le Parc National de Djurdjura, \u00ab\u00a0ce rendez-vous a \u00e9t\u00e9 une occasion pour montrer les tr\u00e9sors cach\u00e9s du Djurdjura qui est un orobiome (\u00e9cosyst\u00e8me de montagne) et la n\u00e9cessit\u00e9 de promouvoir ses valeurs patrimoniales dans le cadre du d\u00e9veloppement durable\u00a0\u00bb, a-t-on indiqu\u00e9.<\/p>\n<blockquote readability=\"12\">\n<p><em><strong>Ce prix a \u00e9t\u00e9 d\u00e9croch\u00e9 sur un total de 14 films en comp\u00e9tition. Le premier prix a \u00e9t\u00e9 remport\u00e9 par le documentaire \u00ab\u00a0Mina El Kima, From above\u00a0\u00bb de Mohamed Gribi alors que le troisi\u00e8me a \u00e9t\u00e9 attribu\u00e9 pour le film \u00ab\u00a0Timezguida el Fatina\u00a0\u00bb (Timezguida la s\u00e9ductrice) de Mahiedine Skender, ont annonc\u00e9, sur les r\u00e9seaux sociaux, les organisateurs de cette manifestation destin\u00e9e \u00e0 promouvoir et d\u00e9velopper la production des films de montagne et de la protection de l\u2019environnement.<\/strong><\/em><\/p>\n<\/blockquote>\n<p>Le prix du jury a \u00e9t\u00e9 accord\u00e9 \u00e0 \u00ab\u00a0Kouat el aazima, power of will\u00a0\u00bb d\u2019Ishak Lafani et celui du public au court m\u00e9trage \u00ab\u00a0Rekoub Edarradja\u00a0\u00bb ou \u00ab\u00a0Cycling\u00a0\u00bb de Samir Djebari, ont ajout\u00e9 les initiateurs de ce festival plac\u00e9 sous le slogan \u00ab\u00a0Pour la promotion du tourisme de montagne en Alg\u00e9rie\u00a0\u00bb organis\u00e9 du 24 au 27 septembre dernier \u00e0 M\u00e9d\u00e9a.<\/p>\n<\/div>\n<p>Auteur:<br \/>\n<a href=\"http:\/\/www.aps.dz\/culture\/110532-festival-mongorno-du-film-de-montagne-le-pnd-remporte-le-2e-prix\">Cliquez ici pour lire l&rsquo;article depuis sa source.<\/a><\/p>\n","protected":false},"excerpt":{"rendered":"<p>TIZI-OUZOU &#8211; Le parc national du Djurdjura (PND), a remport\u00e9 le deuxi\u00e8me prix \u00e0 la 1\u00e8re \u00e9dition du Festival Mongorno du film de montagne, a indiqu\u00e9 samedi le charg\u00e9 de communication de cette institution, le conservateur principal des for\u00eats Ahmed Alileche. Le PND, a particip\u00e9 au concours en ligne de la premi\u00e8re \u00e9dition de ce [&hellip;]<\/p>\n","protected":false},"author":1790,"featured_media":0,"comment_status":"closed","ping_status":"closed","sticky":false,"template":"","format":"standard","meta":{"fifu_image_url":"","fifu_image_alt":"","footnotes":""},"categories":[53,79],"tags":[],"class_list":["post-100757","post","type-post","status-publish","format-standard","hentry","category-algerie","category-culture"],"_links":{"self":[{"href":"https:\/\/linitiative.ca\/International\/wp-json\/wp\/v2\/posts\/100757","targetHints":{"allow":["GET"]}}],"collection":[{"href":"https:\/\/linitiative.ca\/International\/wp-json\/wp\/v2\/posts"}],"about":[{"href":"https:\/\/linitiative.ca\/International\/wp-json\/wp\/v2\/types\/post"}],"author":[{"embeddable":true,"href":"https:\/\/linitiative.ca\/International\/wp-json\/wp\/v2\/users\/1790"}],"replies":[{"embeddable":true,"href":"https:\/\/linitiative.ca\/International\/wp-json\/wp\/v2\/comments?post=100757"}],"version-history":[{"count":0,"href":"https:\/\/linitiative.ca\/International\/wp-json\/wp\/v2\/posts\/100757\/revisions"}],"wp:attachment":[{"href":"https:\/\/linitiative.ca\/International\/wp-json\/wp\/v2\/media?parent=100757"}],"wp:term":[{"taxonomy":"category","embeddable":true,"href":"https:\/\/linitiative.ca\/International\/wp-json\/wp\/v2\/categories?post=100757"},{"taxonomy":"post_tag","embeddable":true,"href":"https:\/\/linitiative.ca\/International\/wp-json\/wp\/v2\/tags?post=100757"}],"curies":[{"name":"wp","href":"https:\/\/api.w.org\/{rel}","templated":true}]}}