{"id":100759,"date":"2020-10-04T05:30:00","date_gmt":"2020-10-04T09:30:00","guid":{"rendered":"https:\/\/linitiative.ca\/International\/des-echauffourees-et-des-arrestations\/"},"modified":"2020-10-04T05:30:00","modified_gmt":"2020-10-04T09:30:00","slug":"des-echauffourees-et-des-arrestations","status":"publish","type":"post","link":"https:\/\/linitiative.ca\/International\/des-echauffourees-et-des-arrestations\/","title":{"rendered":"Des \u00e9chauffour\u00e9es et des arrestations"},"content":{"rendered":"<div id=\"originalText\" readability=\"56\">\n<p>La ville de M&rsquo;Chedallah, sise \u00e0 45 km \u00e0 l&rsquo;est de Bouira, a \u00e9t\u00e9 hier le th\u00e9\u00e2tre d\u2019incidents entre des jeunes et les forces de l&rsquo;ordre. Les \u00e9chauffour\u00e9es ont \u00e9clat\u00e9 peu apr\u00e8s midi. Les forces anti-\u00e9meutes, qui se sont d\u00e9ploy\u00e9es en nombre pour emp\u00eacher la marche pacifique qui \u00e9tait pr\u00e9vue \u00e0 10h, n&rsquo;ont pas h\u00e9sit\u00e9 \u00e0 faire usage de gaz lacrymog\u00e8ne pour tenter de disperser les groupes des jeunes qui ont investi par plusieurs dizaines les alentours du si\u00e8ge de la Brigade mobile de la Police judiciaire (BMPJ), situ\u00e9e \u00e0 Bouaklane, dans la partie sud du chef-lieu communal de M\u2019Chedallah.<\/p>\n<p>La situation \u00e9tait tendue depuis les premi\u00e8res heures de la matin\u00e9e. Un dispositif s\u00e9curitaire impressionnant a \u00e9t\u00e9 mis en place pour emp\u00eacher toute tentative de rassemblement et de marche. Les forces de l&rsquo;ordre ont essay\u00e9 d\u2019emp\u00eacher les personnes venant de diff\u00e9rentes communes de la da\u00efra de se regrouper au niveau de l&rsquo;intersection de Bouaklane, point de d\u00e9part de la manifestation qui s\u2019inscrit dans l&rsquo;esprit du Hirak. Les forces de l&rsquo;ordre ont arr\u00eat\u00e9 des manifestants. Ce qui a attis\u00e9 la col\u00e8re des marcheurs. Un groupe de personnes a r\u00e9ussi tout de m\u00eame \u00e0 forcer le cordon et \u00e0 marcher. Des appels \u00e0 la lib\u00e9ration des d\u00e9tenus politiques ont \u00e9t\u00e9 scand\u00e9s par les manifestants.<\/p>\n<p>Le climat de tension qui pesait des heures durant a fini par \u00e9clater en d\u00e9but d&rsquo;apr\u00e8s-midi. Plusieurs arrestations ont eu lieu au moment des affrontements qui ont dur\u00e9 plus de deux heures. D\u00e9cid\u00e9ment, apr\u00e8s le chef-lieu de wilaya qui est interdit aux activistes du Hirak depuis des semaines, les forces de l\u2019ordre veulent faire place nette dans d\u2019autres villes frondeuses de la wilaya. Il y a une semaine, la ville d\u2019El-Esnam \u00e9tait assi\u00e9g\u00e9e par les services de s\u00e9curit\u00e9 apr\u00e8s l\u2019appel \u00e0 une marche populaire. En plus des patrouilles de diff\u00e9rents corps de la S\u00fbret\u00e9 nationale qui surveillent les moindres recoins de la ville, un dispositif important est mis en place pour emp\u00eacher les militants de joindre le lieu de la manifestation.<\/p>\n<p class=\"c6\"><strong>Ali CHERARAK<\/strong><\/p>\n<\/div>\n<div id=\"text_core\" readability=\"56\">\n<p>La ville de M&rsquo;Chedallah, sise \u00e0 45 km \u00e0 l&rsquo;est de Bouira, a \u00e9t\u00e9 hier le th\u00e9\u00e2tre d\u2019incidents entre des jeunes et les forces de l&rsquo;ordre. Les \u00e9chauffour\u00e9es ont \u00e9clat\u00e9 peu apr\u00e8s midi. Les forces anti-\u00e9meutes, qui se sont d\u00e9ploy\u00e9es en nombre pour emp\u00eacher la marche pacifique qui \u00e9tait pr\u00e9vue \u00e0 10h, n&rsquo;ont pas h\u00e9sit\u00e9 \u00e0 faire usage de gaz lacrymog\u00e8ne pour tenter de disperser les groupes des jeunes qui ont investi par plusieurs dizaines les alentours du si\u00e8ge de la Brigade mobile de la Police judiciaire (BMPJ), situ\u00e9e \u00e0 Bouaklane, dans la partie sud du chef-lieu communal de M\u2019Chedallah.<\/p>\n<p>La situation \u00e9tait tendue depuis les premi\u00e8res heures de la matin\u00e9e. Un dispositif s\u00e9curitaire impressionnant a \u00e9t\u00e9 mis en place pour emp\u00eacher toute tentative de rassemblement et de marche. Les forces de l&rsquo;ordre ont essay\u00e9 d\u2019emp\u00eacher les personnes venant de diff\u00e9rentes communes de la da\u00efra de se regrouper au niveau de l&rsquo;intersection de Bouaklane, point de d\u00e9part de la manifestation qui s\u2019inscrit dans l&rsquo;esprit du Hirak. Les forces de l&rsquo;ordre ont arr\u00eat\u00e9 des manifestants. Ce qui a attis\u00e9 la col\u00e8re des marcheurs. Un groupe de personnes a r\u00e9ussi tout de m\u00eame \u00e0 forcer le cordon et \u00e0 marcher. Des appels \u00e0 la lib\u00e9ration des d\u00e9tenus politiques ont \u00e9t\u00e9 scand\u00e9s par les manifestants.<\/p>\n<p>Le climat de tension qui pesait des heures durant a fini par \u00e9clater en d\u00e9but d&rsquo;apr\u00e8s-midi. Plusieurs arrestations ont eu lieu au moment des affrontements qui ont dur\u00e9 plus de deux heures. D\u00e9cid\u00e9ment, apr\u00e8s le chef-lieu de wilaya qui est interdit aux activistes du Hirak depuis des semaines, les forces de l\u2019ordre veulent faire place nette dans d\u2019autres villes frondeuses de la wilaya. Il y a une semaine, la ville d\u2019El-Esnam \u00e9tait assi\u00e9g\u00e9e par les services de s\u00e9curit\u00e9 apr\u00e8s l\u2019appel \u00e0 une marche populaire. En plus des patrouilles de diff\u00e9rents corps de la S\u00fbret\u00e9 nationale qui surveillent les moindres recoins de la ville, un dispositif important est mis en place pour emp\u00eacher les militants de joindre le lieu de la manifestation.<\/p>\n<p class=\"c6\"><strong>Ali CHERARAK<\/strong><\/p>\n<\/div>\n<p>Auteur:<br \/>\n<a href=\"https:\/\/www.liberte-algerie.com\/actualite\/des-echauffourees-et-des-arrestations-346625\">Cliquez ici pour lire l&rsquo;article depuis sa source.<\/a><\/p>\n","protected":false},"excerpt":{"rendered":"<p>La ville de M&rsquo;Chedallah, sise \u00e0 45 km \u00e0 l&rsquo;est de Bouira, a \u00e9t\u00e9 hier le th\u00e9\u00e2tre d\u2019incidents entre des jeunes et les forces de l&rsquo;ordre. Les \u00e9chauffour\u00e9es ont \u00e9clat\u00e9 peu apr\u00e8s midi. Les forces anti-\u00e9meutes, qui se sont d\u00e9ploy\u00e9es en nombre pour emp\u00eacher la marche pacifique qui \u00e9tait pr\u00e9vue \u00e0 10h, n&rsquo;ont pas h\u00e9sit\u00e9 [&hellip;]<\/p>\n","protected":false},"author":1742,"featured_media":0,"comment_status":"closed","ping_status":"closed","sticky":false,"template":"","format":"standard","meta":{"fifu_image_url":"","fifu_image_alt":"","footnotes":""},"categories":[73,53],"tags":[],"class_list":["post-100759","post","type-post","status-publish","format-standard","hentry","category-actualite","category-algerie"],"_links":{"self":[{"href":"https:\/\/linitiative.ca\/International\/wp-json\/wp\/v2\/posts\/100759","targetHints":{"allow":["GET"]}}],"collection":[{"href":"https:\/\/linitiative.ca\/International\/wp-json\/wp\/v2\/posts"}],"about":[{"href":"https:\/\/linitiative.ca\/International\/wp-json\/wp\/v2\/types\/post"}],"author":[{"embeddable":true,"href":"https:\/\/linitiative.ca\/International\/wp-json\/wp\/v2\/users\/1742"}],"replies":[{"embeddable":true,"href":"https:\/\/linitiative.ca\/International\/wp-json\/wp\/v2\/comments?post=100759"}],"version-history":[{"count":0,"href":"https:\/\/linitiative.ca\/International\/wp-json\/wp\/v2\/posts\/100759\/revisions"}],"wp:attachment":[{"href":"https:\/\/linitiative.ca\/International\/wp-json\/wp\/v2\/media?parent=100759"}],"wp:term":[{"taxonomy":"category","embeddable":true,"href":"https:\/\/linitiative.ca\/International\/wp-json\/wp\/v2\/categories?post=100759"},{"taxonomy":"post_tag","embeddable":true,"href":"https:\/\/linitiative.ca\/International\/wp-json\/wp\/v2\/tags?post=100759"}],"curies":[{"name":"wp","href":"https:\/\/api.w.org\/{rel}","templated":true}]}}