{"id":100760,"date":"2020-10-04T05:30:00","date_gmt":"2020-10-04T09:30:00","guid":{"rendered":"https:\/\/linitiative.ca\/International\/plus-de-700-palmiers-dattiers-ravages-par-le-feu\/"},"modified":"2020-10-04T05:30:00","modified_gmt":"2020-10-04T09:30:00","slug":"plus-de-700-palmiers-dattiers-ravages-par-le-feu","status":"publish","type":"post","link":"https:\/\/linitiative.ca\/International\/plus-de-700-palmiers-dattiers-ravages-par-le-feu\/","title":{"rendered":"Plus de 700 palmiers dattiers ravag\u00e9s par le feu"},"content":{"rendered":"<div id=\"originalText\" readability=\"42\">\n<p>Quelque 709 palmiers dattiers, dont 486 palmiers productifs, ont \u00e9t\u00e9 r\u00e9duits en cendres \u00e0 la suite de l\u2019incendie qui s\u2019est d\u00e9clar\u00e9, avant-hier, dans la localit\u00e9 d\u2019Iguesten, sise \u00e0 20 km du chef-lieu de la wilaya d\u00e9l\u00e9gu\u00e9e d\u2019In Salah. La cause de l\u2019incendie reste inconnue, selon la direction locale de la Protection civile qui aura mobilis\u00e9 25 sapeurs-pompiers, deux camions-citernes et 6 v\u00e9hicules 4&#215;4 pour pouvoir circonscrire les flammes qui ont tout ravag\u00e9 sur leur passage. Il faut signaler que le feu de palmeraies est devenu un ph\u00e9nom\u00e8ne mena\u00e7ant dans cette r\u00e9gion qui enregistre chaque ann\u00e9e la destruction de centaines de palmiers productifs.<\/p>\n<p class=\"c6\"><strong>RABAH KARECHE<\/strong><\/p>\n<\/div>\n<div id=\"text_core\" readability=\"42\">\n<p>Quelque 709 palmiers dattiers, dont 486 palmiers productifs, ont \u00e9t\u00e9 r\u00e9duits en cendres \u00e0 la suite de l\u2019incendie qui s\u2019est d\u00e9clar\u00e9, avant-hier, dans la localit\u00e9 d\u2019Iguesten, sise \u00e0 20 km du chef-lieu de la wilaya d\u00e9l\u00e9gu\u00e9e d\u2019In Salah. La cause de l\u2019incendie reste inconnue, selon la direction locale de la Protection civile qui aura mobilis\u00e9 25 sapeurs-pompiers, deux camions-citernes et 6 v\u00e9hicules 4&#215;4 pour pouvoir circonscrire les flammes qui ont tout ravag\u00e9 sur leur passage. Il faut signaler que le feu de palmeraies est devenu un ph\u00e9nom\u00e8ne mena\u00e7ant dans cette r\u00e9gion qui enregistre chaque ann\u00e9e la destruction de centaines de palmiers productifs.<\/p>\n<p class=\"c6\"><strong>RABAH KARECHE<\/strong><\/p>\n<\/div>\n<p>Auteur:<br \/>\n<a href=\"https:\/\/www.liberte-algerie.com\/actualite\/plus-de-700-palmiers-dattiers-ravages-par-le-feu-346624\">Cliquez ici pour lire l&rsquo;article depuis sa source.<\/a><\/p>\n","protected":false},"excerpt":{"rendered":"<p>Quelque 709 palmiers dattiers, dont 486 palmiers productifs, ont \u00e9t\u00e9 r\u00e9duits en cendres \u00e0 la suite de l\u2019incendie qui s\u2019est d\u00e9clar\u00e9, avant-hier, dans la localit\u00e9 d\u2019Iguesten, sise \u00e0 20 km du chef-lieu de la wilaya d\u00e9l\u00e9gu\u00e9e d\u2019In Salah. La cause de l\u2019incendie reste inconnue, selon la direction locale de la Protection civile qui aura mobilis\u00e9 [&hellip;]<\/p>\n","protected":false},"author":1742,"featured_media":0,"comment_status":"closed","ping_status":"closed","sticky":false,"template":"","format":"standard","meta":{"fifu_image_url":"","fifu_image_alt":"","footnotes":""},"categories":[73,53],"tags":[],"class_list":["post-100760","post","type-post","status-publish","format-standard","hentry","category-actualite","category-algerie"],"_links":{"self":[{"href":"https:\/\/linitiative.ca\/International\/wp-json\/wp\/v2\/posts\/100760","targetHints":{"allow":["GET"]}}],"collection":[{"href":"https:\/\/linitiative.ca\/International\/wp-json\/wp\/v2\/posts"}],"about":[{"href":"https:\/\/linitiative.ca\/International\/wp-json\/wp\/v2\/types\/post"}],"author":[{"embeddable":true,"href":"https:\/\/linitiative.ca\/International\/wp-json\/wp\/v2\/users\/1742"}],"replies":[{"embeddable":true,"href":"https:\/\/linitiative.ca\/International\/wp-json\/wp\/v2\/comments?post=100760"}],"version-history":[{"count":0,"href":"https:\/\/linitiative.ca\/International\/wp-json\/wp\/v2\/posts\/100760\/revisions"}],"wp:attachment":[{"href":"https:\/\/linitiative.ca\/International\/wp-json\/wp\/v2\/media?parent=100760"}],"wp:term":[{"taxonomy":"category","embeddable":true,"href":"https:\/\/linitiative.ca\/International\/wp-json\/wp\/v2\/categories?post=100760"},{"taxonomy":"post_tag","embeddable":true,"href":"https:\/\/linitiative.ca\/International\/wp-json\/wp\/v2\/tags?post=100760"}],"curies":[{"name":"wp","href":"https:\/\/api.w.org\/{rel}","templated":true}]}}